{"id":54549,"date":"2024-05-16T19:04:14","date_gmt":"2024-05-17T01:04:14","guid":{"rendered":"https:\/\/encuentroinformativo.com.mx\/?p=54549"},"modified":"2024-05-16T19:04:19","modified_gmt":"2024-05-17T01:04:19","slug":"la-candidata-del-verde-sigue-de-fiesta-no-tiene-la-responsabilidad-y-compromiso-guty-lagunes","status":"publish","type":"post","link":"https:\/\/encuentroinformativo.com.mx\/?p=54549","title":{"rendered":"La candidata del Verde sigue de fiesta, no tiene la responsabilidad y compromiso: Guty Lagunes"},"content":{"rendered":"\n<p><strong>Alejandro \u00c1vila<\/strong><\/p>\n\n\n\n<p>Alvarado, Ver.- La ausencia en el debate de Ang\u00e9lica Pe\u00f1a Mart\u00ednez, candidata &#8220;Sigamos Haciendo Historia&#8221; se debe a que no tiene la responsabilidad y el compromiso con la ciudadan\u00eda, acus\u00f3 el candidato de la alianza &#8220;Fuerza y Coraz\u00f3n por Veracruz&#8221;, Agust\u00edn Lagunes \u00c1lvarez.<\/p>\n\n\n\n<p>Este jueves por la tarde en la cabecera municipal de Alvarado se realiz\u00f3 el debate de candidatos a la diputaci\u00f3n local por el Distrito 17; donde \u00fanicamente se presentaron los aspirantes de Fuerza por M\u00e9xico, Movimiento Ciudadano y la alianza PRI, PAN, PRD.<\/p>\n\n\n\n<p>&#8220;Yo creo que anda de fiesta, sigue de fiesta por eso no vino. Se entiende, No tiene la responsabilidad ni tiene el compromiso (\u2026) nosotros vamos a regresar, la gente conf\u00eda en m\u00ed y no les puedo fallar, vamos a resolver sus problemas, vamos a gestionar, vamos a exigir m\u00e1s recursos al gobierno del Estado desde la C\u00e1mara de Diputados&#8221;, puntualiz\u00f3.<\/p>\n\n\n\n<p>Ang\u00e9lica Pe\u00f1a Mart\u00ednez, diputada federal del Partido Verde cuenta con nulas intervenciones en San L\u00e1zaro; sin embargo, es m\u00e1s recordada por haberse conectado a la sesi\u00f3n donde se discutir\u00eda el Presupuesto de la Federaci\u00f3n 2022, cuando se encontraba en una fiesta, situaci\u00f3n de g\u00e9nero reclamos de sus compa\u00f1eros legisladores y burlas en redes sociales.<\/p>\n\n\n\n<p>Guty Lagunes dijo que desde el Congreso gestionar\u00e1 recursos para la apertura del canal Luis Mart\u00ednez, ubicado en la localidad del mismo nombre; mismo que ayudar\u00e1 a incrementar la actividad pesquera en el municipio de Alvarado. De la misma manera, dijo que se deber\u00e1 revisar el proyecto de energ\u00eda e\u00f3lica que se pretend\u00eda instalar en el municipio de Alvarado y que hoy se encuentra empolvado.<\/p>\n","protected":false},"excerpt":{"rendered":"<p>Alejandro \u00c1vila Alvarado, Ver.- La ausencia en el debate de Ang\u00e9lica Pe\u00f1a Mart\u00ednez, candidata &#8220;Sigamos Haciendo Historia&#8221; se debe a que no tiene la responsabilidad y el compromiso con la ciudadan\u00eda, acus\u00f3 el candidato de la alianza &#8220;Fuerza y Coraz\u00f3n por Veracruz&#8221;, Agust\u00edn Lagunes \u00c1lvarez. Este jueves por la tarde en la cabecera municipal de [&hellip;]<\/p>\n","protected":false},"author":2476,"featured_media":54550,"comment_status":"open","ping_status":"open","sticky":false,"template":"","format":"standard","meta":{"_jetpack_memberships_contains_paid_content":false,"footnotes":""},"categories":[2],"tags":[],"class_list":["post-54549","post","type-post","status-publish","format-standard","has-post-thumbnail","hentry","category-estado"],"jetpack_featured_media_url":"https:\/\/encuentroinformativo.com.mx\/wp-content\/uploads\/2024\/05\/IMG-20240516-WA01422.jpg","jetpack_sharing_enabled":true,"jetpack_likes_enabled":true,"amp_enabled":true,"_links":{"self":[{"href":"https:\/\/encuentroinformativo.com.mx\/index.php?rest_route=\/wp\/v2\/posts\/54549","targetHints":{"allow":["GET"]}}],"collection":[{"href":"https:\/\/encuentroinformativo.com.mx\/index.php?rest_route=\/wp\/v2\/posts"}],"about":[{"href":"https:\/\/encuentroinformativo.com.mx\/index.php?rest_route=\/wp\/v2\/types\/post"}],"author":[{"embeddable":true,"href":"https:\/\/encuentroinformativo.com.mx\/index.php?rest_route=\/wp\/v2\/users\/2476"}],"replies":[{"embeddable":true,"href":"https:\/\/encuentroinformativo.com.mx\/index.php?rest_route=%2Fwp%2Fv2%2Fcomments&post=54549"}],"version-history":[{"count":1,"href":"https:\/\/encuentroinformativo.com.mx\/index.php?rest_route=\/wp\/v2\/posts\/54549\/revisions"}],"predecessor-version":[{"id":54551,"href":"https:\/\/encuentroinformativo.com.mx\/index.php?rest_route=\/wp\/v2\/posts\/54549\/revisions\/54551"}],"wp:featuredmedia":[{"embeddable":true,"href":"https:\/\/encuentroinformativo.com.mx\/index.php?rest_route=\/wp\/v2\/media\/54550"}],"wp:attachment":[{"href":"https:\/\/encuentroinformativo.com.mx\/index.php?rest_route=%2Fwp%2Fv2%2Fmedia&parent=54549"}],"wp:term":[{"taxonomy":"category","embeddable":true,"href":"https:\/\/encuentroinformativo.com.mx\/index.php?rest_route=%2Fwp%2Fv2%2Fcategories&post=54549"},{"taxonomy":"post_tag","embeddable":true,"href":"https:\/\/encuentroinformativo.com.mx\/index.php?rest_route=%2Fwp%2Fv2%2Ftags&post=54549"}],"curies":[{"name":"wp","href":"https:\/\/api.w.org\/{rel}","templated":true}]}}