{"id":54569,"date":"2024-05-17T10:58:45","date_gmt":"2024-05-17T16:58:45","guid":{"rendered":"https:\/\/encuentroinformativo.com.mx\/?p=54569"},"modified":"2024-05-17T10:58:54","modified_gmt":"2024-05-17T16:58:54","slug":"denuncian-penalmente-a-comandante-de-la-tercera-region-naval-por-acoso-laboral","status":"publish","type":"post","link":"https:\/\/encuentroinformativo.com.mx\/?p=54569","title":{"rendered":"Denuncian penalmente a Comandante de la Tercera Regi\u00f3n Naval por acoso laboral"},"content":{"rendered":"\n<p><strong>Alejandro \u00c1vila<\/strong><\/p>\n\n\n\n<p>Veracruz, Ver.- El Comandante de la Tercera Regi\u00f3n Naval con sede en Veracruz, Almirante, Ra\u00fal P\u00e9rez V\u00e1zquez, fue denunciado penalmente por un elemento de la Secretar\u00eda de Marina, por presunto acoso laboral.<\/p>\n\n\n\n<p>El peri\u00f3dico de circulaci\u00f3n nacional Reforma, dio a conocer que esta denuncia se dio por la presi\u00f3n y acoso laboral a todos los subordinados del Almirante.<\/p>\n\n\n\n<p>El capit\u00e1n de nav\u00edo Andr\u00e9s Rosas L\u00f3pez es quien inici\u00f3 el proceso legal en el Juzgado Sexto de Distrito de Veracruz con sede en Boca del R\u00edo para evitar que lo cambi\u00e9n de su lugar de trabajo.<\/p>\n\n\n\n<p>Se\u00f1al\u00f3 que P\u00e9rez V\u00e1zquez lo ha intentado obligar a ceder, pero en su denuncia expuso que su esposa M.E.H.L. se encuentra en un estado cr\u00edtico de salud, por lo que se lo hizo saber a sus superiores.<\/p>\n\n\n\n<p>Sin embargo, estos no han tomado en cuenta este hecho para intentar moverlo a otro estado, lo cual Rosas L\u00f3pez considera una contradicci\u00f3n a lo dicho por el secretario de Marina, Jos\u00e9 Rafael Ojeda Dur\u00e1n, el pasado 21 de abril, durante el 110 aniversario de la Defensa del Puerto de Veracruz.<\/p>\n\n\n\n<p>\u201cQue sus mejores armas sean el conocimiento, el bien y la decisi\u00f3n de ser buenas personas y excelsos hijos de la patria, siempre con su actuar basado en la honestidad, en la justicia, en el respeto de los derechos humanos y, por supuesto, con un inquebrantable amor a M\u00e9xico\u201d, se\u00f1al\u00f3 Ojeda en aquella ocasi\u00f3n.<\/p>\n\n\n\n<p>En su denuncia, el agraviado se\u00f1al\u00f3 que el almirante no est\u00e1 respetando lo estipulado dentro del Reglamento General de Deberes Navales y exceder sus atribuciones.<\/p>\n\n\n\n<p>\u201cPor las caracter\u00edsticas de sus funciones (los almirantes) que incluyen la coordinaci\u00f3n de actividades complejas, el cumplimiento de misiones de importancia y el ejercicio de amplias prerrogativas, deber\u00e1n extremar su responsabilidad, la prudencia en el uso de sus atribuciones y el equilibrio y firmeza en sus resoluciones, siendo as\u00ed ejemplo para sus subordinados y exponentes ante la sociedad del prestigio de la Armada\u201d, se\u00f1ala el art\u00edculo 118 de dicho reglamento.<\/p>\n","protected":false},"excerpt":{"rendered":"<p>Alejandro \u00c1vila Veracruz, Ver.- El Comandante de la Tercera Regi\u00f3n Naval con sede en Veracruz, Almirante, Ra\u00fal P\u00e9rez V\u00e1zquez, fue denunciado penalmente por un elemento de la Secretar\u00eda de Marina, por presunto acoso laboral. El peri\u00f3dico de circulaci\u00f3n nacional Reforma, dio a conocer que esta denuncia se dio por la presi\u00f3n y acoso laboral a [&hellip;]<\/p>\n","protected":false},"author":2476,"featured_media":54570,"comment_status":"open","ping_status":"open","sticky":false,"template":"","format":"standard","meta":{"_jetpack_memberships_contains_paid_content":false,"footnotes":""},"categories":[2],"tags":[],"class_list":["post-54569","post","type-post","status-publish","format-standard","has-post-thumbnail","hentry","category-estado"],"jetpack_featured_media_url":"https:\/\/encuentroinformativo.com.mx\/wp-content\/uploads\/2024\/05\/IMG-20240517-WA0013.jpg","jetpack_sharing_enabled":true,"jetpack_likes_enabled":true,"amp_enabled":true,"_links":{"self":[{"href":"https:\/\/encuentroinformativo.com.mx\/index.php?rest_route=\/wp\/v2\/posts\/54569","targetHints":{"allow":["GET"]}}],"collection":[{"href":"https:\/\/encuentroinformativo.com.mx\/index.php?rest_route=\/wp\/v2\/posts"}],"about":[{"href":"https:\/\/encuentroinformativo.com.mx\/index.php?rest_route=\/wp\/v2\/types\/post"}],"author":[{"embeddable":true,"href":"https:\/\/encuentroinformativo.com.mx\/index.php?rest_route=\/wp\/v2\/users\/2476"}],"replies":[{"embeddable":true,"href":"https:\/\/encuentroinformativo.com.mx\/index.php?rest_route=%2Fwp%2Fv2%2Fcomments&post=54569"}],"version-history":[{"count":1,"href":"https:\/\/encuentroinformativo.com.mx\/index.php?rest_route=\/wp\/v2\/posts\/54569\/revisions"}],"predecessor-version":[{"id":54571,"href":"https:\/\/encuentroinformativo.com.mx\/index.php?rest_route=\/wp\/v2\/posts\/54569\/revisions\/54571"}],"wp:featuredmedia":[{"embeddable":true,"href":"https:\/\/encuentroinformativo.com.mx\/index.php?rest_route=\/wp\/v2\/media\/54570"}],"wp:attachment":[{"href":"https:\/\/encuentroinformativo.com.mx\/index.php?rest_route=%2Fwp%2Fv2%2Fmedia&parent=54569"}],"wp:term":[{"taxonomy":"category","embeddable":true,"href":"https:\/\/encuentroinformativo.com.mx\/index.php?rest_route=%2Fwp%2Fv2%2Fcategories&post=54569"},{"taxonomy":"post_tag","embeddable":true,"href":"https:\/\/encuentroinformativo.com.mx\/index.php?rest_route=%2Fwp%2Fv2%2Ftags&post=54569"}],"curies":[{"name":"wp","href":"https:\/\/api.w.org\/{rel}","templated":true}]}}