{"id":54572,"date":"2024-05-17T14:04:34","date_gmt":"2024-05-17T20:04:34","guid":{"rendered":"https:\/\/encuentroinformativo.com.mx\/?p=54572"},"modified":"2024-05-17T14:04:42","modified_gmt":"2024-05-17T20:04:42","slug":"se-realizo-votacion-anticipada-en-cefereso-de-villa-aldama","status":"publish","type":"post","link":"https:\/\/encuentroinformativo.com.mx\/?p=54572","title":{"rendered":"Se realiz\u00f3 votaci\u00f3n anticipada en Cefereso de Villa Aldama"},"content":{"rendered":"\n<p><strong>Dar\u00edo Pale <\/strong><\/p>\n\n\n\n<p>Xalapa, Ver.- Yeimi Lucero D\u00edaz Santiago T\u00e9cnica de Organizaci\u00f3n Electoral, encargada del voto para personas en Prisi\u00f3n Preventiva dio a conocer que se llev\u00f3 a cabo la votaci\u00f3n sin ning\u00fan contratiempo el d\u00eda de ayer, iniciando actividades a las 05:15 horas y concluy\u00f3 a las 12:55.\u00a0<\/p>\n\n\n\n<p>En entrevista se\u00f1al\u00f3 que dentro del marco del Proceso Electoral 2023-2024, dando cumplimiento a la instrucci\u00f3n emitida por del Tribunal Electoral del Poder Judicial de la Federaci\u00f3n, un total de 221 personas que se encuentran en Prisi\u00f3n Preventiva en el Centro Federal de Readaptaci\u00f3n Social N\u00famero 5 Oriente (CEFERESO), ubicado en el Municipio de Villa Aldama, ejercieron su derecho al voto de manera anticipada el pasado 16 de mayo.<\/p>\n\n\n\n<p>La actividad comenz\u00f3 a las 05:15 horas, cuando el personal correspondiente parti\u00f3 con destino al CEFERESO, ingresando a las 07:08 horas, dando paso al inicio de la votaci\u00f3n a las 9:10 horas.<\/p>\n\n\n\n<p>De acuerdo con los mecanismos correspondientes, se identific\u00f3 a cada interno por su nombre para as\u00ed ubicarlo en la Lista Nominal, entregarle su sobre personalizado y llevar a cabo el sufragio. Se concluy\u00f3 el proceso a las 12:55 horas.<\/p>\n\n\n\n<p>Por otra parte Ricardo de la Rosa Ruiz, Vocal Ejecutivo de la 09 Junta Distrital Ejecutiva, inform\u00f3 que, \u201ctodo se desarroll\u00f3 conforme a los procedimientos establecidos y sin dificultad alguna\u201d, as\u00ed mismo agradeci\u00f3 al personal directivo, administrativo y operativo del CEFERESO No. 5 Oriente, mismo que otorg\u00f3 todas las facilidades para llevar a cabo este ejercicio democr\u00e1tico en favor de las Personas en Prisi\u00f3n Preventiva.<\/p>\n\n\n\n<p>Particip\u00f3 personal del respectivo \u00f3rgano subdelegacional con cabecera en Coatepec, acompa\u00f1ados del Consejero Electoral Rafael Elot Aquino, una representaci\u00f3n partidista y dos observadoras electorales, coordinados por Yeimi Lucero D\u00edaz Santiago, T\u00e9cnica de Organizaci\u00f3n Electoral, encargada del Voto para Personas en Prisi\u00f3n Preventiva.\u00a0<\/p>\n","protected":false},"excerpt":{"rendered":"<p>Dar\u00edo Pale Xalapa, Ver.- Yeimi Lucero D\u00edaz Santiago T\u00e9cnica de Organizaci\u00f3n Electoral, encargada del voto para personas en Prisi\u00f3n Preventiva dio a conocer que se llev\u00f3 a cabo la votaci\u00f3n sin ning\u00fan contratiempo el d\u00eda de ayer, iniciando actividades a las 05:15 horas y concluy\u00f3 a las 12:55.\u00a0 En entrevista se\u00f1al\u00f3 que dentro del marco [&hellip;]<\/p>\n","protected":false},"author":2476,"featured_media":54573,"comment_status":"open","ping_status":"open","sticky":false,"template":"","format":"standard","meta":{"_jetpack_memberships_contains_paid_content":false,"footnotes":""},"categories":[2],"tags":[],"class_list":["post-54572","post","type-post","status-publish","format-standard","has-post-thumbnail","hentry","category-estado"],"jetpack_featured_media_url":"https:\/\/encuentroinformativo.com.mx\/wp-content\/uploads\/2024\/05\/IMG-20240517-WA0042.jpg","jetpack_sharing_enabled":true,"jetpack_likes_enabled":true,"amp_enabled":true,"_links":{"self":[{"href":"https:\/\/encuentroinformativo.com.mx\/index.php?rest_route=\/wp\/v2\/posts\/54572","targetHints":{"allow":["GET"]}}],"collection":[{"href":"https:\/\/encuentroinformativo.com.mx\/index.php?rest_route=\/wp\/v2\/posts"}],"about":[{"href":"https:\/\/encuentroinformativo.com.mx\/index.php?rest_route=\/wp\/v2\/types\/post"}],"author":[{"embeddable":true,"href":"https:\/\/encuentroinformativo.com.mx\/index.php?rest_route=\/wp\/v2\/users\/2476"}],"replies":[{"embeddable":true,"href":"https:\/\/encuentroinformativo.com.mx\/index.php?rest_route=%2Fwp%2Fv2%2Fcomments&post=54572"}],"version-history":[{"count":1,"href":"https:\/\/encuentroinformativo.com.mx\/index.php?rest_route=\/wp\/v2\/posts\/54572\/revisions"}],"predecessor-version":[{"id":54574,"href":"https:\/\/encuentroinformativo.com.mx\/index.php?rest_route=\/wp\/v2\/posts\/54572\/revisions\/54574"}],"wp:featuredmedia":[{"embeddable":true,"href":"https:\/\/encuentroinformativo.com.mx\/index.php?rest_route=\/wp\/v2\/media\/54573"}],"wp:attachment":[{"href":"https:\/\/encuentroinformativo.com.mx\/index.php?rest_route=%2Fwp%2Fv2%2Fmedia&parent=54572"}],"wp:term":[{"taxonomy":"category","embeddable":true,"href":"https:\/\/encuentroinformativo.com.mx\/index.php?rest_route=%2Fwp%2Fv2%2Fcategories&post=54572"},{"taxonomy":"post_tag","embeddable":true,"href":"https:\/\/encuentroinformativo.com.mx\/index.php?rest_route=%2Fwp%2Fv2%2Ftags&post=54572"}],"curies":[{"name":"wp","href":"https:\/\/api.w.org\/{rel}","templated":true}]}}