{"id":54581,"date":"2024-05-17T16:05:48","date_gmt":"2024-05-17T22:05:48","guid":{"rendered":"https:\/\/encuentroinformativo.com.mx\/?p=54581"},"modified":"2024-05-17T16:05:55","modified_gmt":"2024-05-17T22:05:55","slug":"docente-amaga-con-inmolarse-frente-a-palacio-de-gobierno","status":"publish","type":"post","link":"https:\/\/encuentroinformativo.com.mx\/?p=54581","title":{"rendered":"Docente amaga con inmolarse frente a Palacio de Gobierno"},"content":{"rendered":"\n<p><strong>Juan Arcos <\/strong><\/p>\n\n\n\n<p>Xalapa, Ver.- El docente Juan Moctezuma L\u00f3pez lleva meses manifest\u00e1ndose en la ciudad de Xalapa para exigir el pago del seguro institucional; sin embargo, ante la nula respuesta, al mediod\u00eda de este viernes 17 de mayo intent\u00f3 inmolarse frente al Palacio de Gobierno.<\/p>\n\n\n\n<p>El se\u00f1or llevaba gasolina en una garrafa, bebi\u00f3 algunos tragos y pretend\u00eda roci\u00e1rsela para despu\u00e9s prenderse fuego sobre Plaza Sebasti\u00e1n Lerdo de Tejada, a un costado de la Catedral Metropolitana de Xalapa.<\/p>\n\n\n\n<p>La respuesta por parte del personal de la Direcci\u00f3n General de Pol\u00edtica Regional fue r\u00e1pida y retir\u00f3 la garrafa al profesor. Despu\u00e9s la entreg\u00f3 a elementos de la Secretar\u00eda de Seguridad P\u00fablica (SSP) para evitar que atentara contra su vida.<\/p>\n\n\n\n<p>Cabe recordar que el pasado mi\u00e9rcoles 15 de mayo, en pleno D\u00eda del Maestro, el docente de primaria se manifest\u00f3 en huelga de hambre en la ciudad de Xalapa para exigir el pago de su seguro institucional que le adeudan desde hace m\u00e1s de diez a\u00f1os.<\/p>\n\n\n\n<p>El se\u00f1or est\u00e1 desesperado y ha tomado la decisi\u00f3n de acabar con su vida de una forma dram\u00e1tica para exhibir la falta de atenci\u00f3n por parte de las autoridades estatales.<\/p>\n\n\n\n<p>A petici\u00f3n del personal de Pol\u00edtica Regional, ingres\u00f3 a Palacio de Gobierno pero se sali\u00f3 en pocos minutos debido a que no se permiti\u00f3 el ingreso de los representantes de medios de comunicaci\u00f3n.<\/p>\n\n\n\n<p>\u201cHay un documento, copia, con tres personas de mi confianza, un familiar, un periodista y otra persona de mi confianza. Que las consecuencias de todo esto, m\u00e1s adelante la opini\u00f3n p\u00fablica tambi\u00e9n la tenga y sepa. Por qu\u00e9 tom\u00e9 esta decisi\u00f3n, o por qu\u00e9 la iba a tomar. Y pues que est\u00e9n totalmente enterados\u201d, relat\u00f3 antes de ingresar al Palacio de Gobierno.<\/p>\n\n\n\n<p>El se\u00f1or amag\u00f3 con inmolarse en un lugar p\u00fablico de la ciudad de Xalapa durante los pr\u00f3ximos d\u00edas, en caso de que las autoridades no atiendan sus peticiones.<\/p>\n\n\n\n<p>Juan Moctezuma tiene cuatro hijos, dos de ellos son menores de edad y dependen econ\u00f3micamente de \u00e9l. A pesar de los compromisos de pago para mayo, Juan sali\u00f3 a las calles de la capital del estado porque le adeudan cerca de 400 mil pesos.<\/p>\n\n\n\n<p>La \u00faltima escuela donde labor\u00f3 fue una primaria de la localidad El Capul\u00edn, municipio de Chiconquiaco. Presentaba problemas de salud por una hernia de disco, en la columna vertebral, pero pas\u00f3 mucho tiempo para que la detectaran los m\u00e9dicos.<\/p>\n\n\n\n<p>En el a\u00f1o 2014 fue sometido a una cirug\u00eda de columna y, de acuerdo con el dictamen m\u00e9dico, qued\u00f3 en condiciones que le imped\u00edan trabajar y le dieron la pensi\u00f3n por invalidez, pero no le pagaron.<\/p>\n\n\n\n<p>\u201cA mis hijos no les quise decir sobre esto. Y ellos no les quise informar nada de ello. Porque yo s\u00e9 que hubieran evitado esto por el amor que me tienen y yo tambi\u00e9n los amo mucho a ellos. Pero por amor precisamente a ellos es que todo el tiempo que he estado sufriendo aqu\u00ed. Quiero de la mejor manera que sepan que s\u00ed luch\u00e9 hasta el final. Y espero realmente que no sea este el final. Pero de no ser una respuesta favorable, quiero decirles que lo que ten\u00eda planeado el d\u00eda de hoy, lo voy a hacer. Aunque no sea aqu\u00ed necesariamente donde lo ten\u00eda yo ya planeado. Porque ustedes est\u00e1n totalmente informados de eso, pero tambi\u00e9n espero ahorita que sea una respuesta favorable\u201d, expres\u00f3 Moctezuma L\u00f3pez.<\/p>\n\n\n\n<p>El se\u00f1or fue retirado en ambulancia de la plaza p\u00fablica y trasladado a un hospital de la ciudad, debido a que ingiri\u00f3 gasolina y comenz\u00f3 a sentirse mal.<\/p>\n","protected":false},"excerpt":{"rendered":"<p>Juan Arcos Xalapa, Ver.- El docente Juan Moctezuma L\u00f3pez lleva meses manifest\u00e1ndose en la ciudad de Xalapa para exigir el pago del seguro institucional; sin embargo, ante la nula respuesta, al mediod\u00eda de este viernes 17 de mayo intent\u00f3 inmolarse frente al Palacio de Gobierno. El se\u00f1or llevaba gasolina en una garrafa, bebi\u00f3 algunos tragos [&hellip;]<\/p>\n","protected":false},"author":2476,"featured_media":54582,"comment_status":"open","ping_status":"open","sticky":false,"template":"","format":"standard","meta":{"_jetpack_memberships_contains_paid_content":false,"footnotes":""},"categories":[3],"tags":[],"class_list":["post-54581","post","type-post","status-publish","format-standard","has-post-thumbnail","hentry","category-xalapa"],"jetpack_featured_media_url":"https:\/\/encuentroinformativo.com.mx\/wp-content\/uploads\/2024\/05\/IMG_6584.jpg","jetpack_sharing_enabled":true,"jetpack_likes_enabled":true,"amp_enabled":true,"_links":{"self":[{"href":"https:\/\/encuentroinformativo.com.mx\/index.php?rest_route=\/wp\/v2\/posts\/54581","targetHints":{"allow":["GET"]}}],"collection":[{"href":"https:\/\/encuentroinformativo.com.mx\/index.php?rest_route=\/wp\/v2\/posts"}],"about":[{"href":"https:\/\/encuentroinformativo.com.mx\/index.php?rest_route=\/wp\/v2\/types\/post"}],"author":[{"embeddable":true,"href":"https:\/\/encuentroinformativo.com.mx\/index.php?rest_route=\/wp\/v2\/users\/2476"}],"replies":[{"embeddable":true,"href":"https:\/\/encuentroinformativo.com.mx\/index.php?rest_route=%2Fwp%2Fv2%2Fcomments&post=54581"}],"version-history":[{"count":1,"href":"https:\/\/encuentroinformativo.com.mx\/index.php?rest_route=\/wp\/v2\/posts\/54581\/revisions"}],"predecessor-version":[{"id":54583,"href":"https:\/\/encuentroinformativo.com.mx\/index.php?rest_route=\/wp\/v2\/posts\/54581\/revisions\/54583"}],"wp:featuredmedia":[{"embeddable":true,"href":"https:\/\/encuentroinformativo.com.mx\/index.php?rest_route=\/wp\/v2\/media\/54582"}],"wp:attachment":[{"href":"https:\/\/encuentroinformativo.com.mx\/index.php?rest_route=%2Fwp%2Fv2%2Fmedia&parent=54581"}],"wp:term":[{"taxonomy":"category","embeddable":true,"href":"https:\/\/encuentroinformativo.com.mx\/index.php?rest_route=%2Fwp%2Fv2%2Fcategories&post=54581"},{"taxonomy":"post_tag","embeddable":true,"href":"https:\/\/encuentroinformativo.com.mx\/index.php?rest_route=%2Fwp%2Fv2%2Ftags&post=54581"}],"curies":[{"name":"wp","href":"https:\/\/api.w.org\/{rel}","templated":true}]}}