{"id":54596,"date":"2024-05-17T16:49:54","date_gmt":"2024-05-17T22:49:54","guid":{"rendered":"https:\/\/encuentroinformativo.com.mx\/?p=54596"},"modified":"2024-05-17T16:50:00","modified_gmt":"2024-05-17T22:50:00","slug":"presentan-queja-por-retiro-de-propaganda-de-americo-zuniga","status":"publish","type":"post","link":"https:\/\/encuentroinformativo.com.mx\/?p=54596","title":{"rendered":"Presentan queja por retiro de propaganda de Am\u00e9rico Z\u00fa\u00f1iga"},"content":{"rendered":"\n<p><strong>Dar\u00edo Pale <\/strong><\/p>\n\n\n\n<p>Xalapa, Ver.- El d\u00eda de hoy present\u00f3 ante el Consejo Distrital numero X del INE de esta capital, una queja por retirar propaganda del candidato a la diputaci\u00f3n federal Am\u00e9rico Z\u00fa\u00f1iga Mart\u00ednez, as\u00ed lo dio a conocer el representante del PRI, ante el Consejo Distrital del INE, Enrique Romero Lom\u00e1n.<\/p>\n\n\n\n<p>En conferencia de prensa, puntualiz\u00f3 que la propaganda ha sido retirada de diversas vialidades, a pesar de que en este momento todav\u00eda est\u00e1n dentro del periodo de campa\u00f1a electoral.<\/p>\n\n\n\n<p>&#8220;No sabemos bien a bien qui\u00e9n la ha retirado, precisamente es contra qui\u00e9n resulte responsable, estamos pidiendo la intervenci\u00f3n de la Oficial\u00eda Electoral, que es un fedatario interno del INE&#8221;, explic\u00f3.<\/p>\n\n\n\n<p>Romero Lom\u00e1n resalt\u00f3 que una vez que se sepa qui\u00e9n retir\u00f3 ilegalmente la propaganda de Am\u00e9rico, se deber\u00e1n aplicar las sanciones correspondientes.<\/p>\n\n\n\n<p>En ese orden de ideas, refiri\u00f3 que con base en notas period\u00edsticas, tuvieron conocimiento de que en las oficinas gubernamentales est\u00e1n obligando a los trabajadores a ir a los m\u00edtines de Morena y que adem\u00e1s lo hagan con sus propios recursos econ\u00f3micos.<\/p>\n\n\n\n<p>Por ello, adelant\u00f3 que tambi\u00e9n se presentar\u00e1 denuncia formal ante los \u00f3rganos locales y federales correspondientes.<\/p>\n\n\n\n<p>Detall\u00f3 que al estar dentro del periodo de campa\u00f1a no se puede retirar la propaganda, de lo contrario se violan derechos del partido y del candidato.<\/p>\n\n\n\n<p>Aclar\u00f3 que s\u00ed se comprueba que fue una autoridad local la que hizo el retiro de la propaganda de Am\u00e9rico, tiene que comprobar que tiene competencia para hacerlo.<\/p>\n","protected":false},"excerpt":{"rendered":"<p>Dar\u00edo Pale Xalapa, Ver.- El d\u00eda de hoy present\u00f3 ante el Consejo Distrital numero X del INE de esta capital, una queja por retirar propaganda del candidato a la diputaci\u00f3n federal Am\u00e9rico Z\u00fa\u00f1iga Mart\u00ednez, as\u00ed lo dio a conocer el representante del PRI, ante el Consejo Distrital del INE, Enrique Romero Lom\u00e1n. En conferencia de [&hellip;]<\/p>\n","protected":false},"author":2476,"featured_media":54597,"comment_status":"open","ping_status":"open","sticky":false,"template":"","format":"standard","meta":{"_jetpack_memberships_contains_paid_content":false,"footnotes":""},"categories":[3],"tags":[],"class_list":["post-54596","post","type-post","status-publish","format-standard","has-post-thumbnail","hentry","category-xalapa"],"jetpack_featured_media_url":"https:\/\/encuentroinformativo.com.mx\/wp-content\/uploads\/2024\/05\/IMG-20240517-WA0057.jpg","jetpack_sharing_enabled":true,"jetpack_likes_enabled":true,"amp_enabled":true,"_links":{"self":[{"href":"https:\/\/encuentroinformativo.com.mx\/index.php?rest_route=\/wp\/v2\/posts\/54596","targetHints":{"allow":["GET"]}}],"collection":[{"href":"https:\/\/encuentroinformativo.com.mx\/index.php?rest_route=\/wp\/v2\/posts"}],"about":[{"href":"https:\/\/encuentroinformativo.com.mx\/index.php?rest_route=\/wp\/v2\/types\/post"}],"author":[{"embeddable":true,"href":"https:\/\/encuentroinformativo.com.mx\/index.php?rest_route=\/wp\/v2\/users\/2476"}],"replies":[{"embeddable":true,"href":"https:\/\/encuentroinformativo.com.mx\/index.php?rest_route=%2Fwp%2Fv2%2Fcomments&post=54596"}],"version-history":[{"count":1,"href":"https:\/\/encuentroinformativo.com.mx\/index.php?rest_route=\/wp\/v2\/posts\/54596\/revisions"}],"predecessor-version":[{"id":54598,"href":"https:\/\/encuentroinformativo.com.mx\/index.php?rest_route=\/wp\/v2\/posts\/54596\/revisions\/54598"}],"wp:featuredmedia":[{"embeddable":true,"href":"https:\/\/encuentroinformativo.com.mx\/index.php?rest_route=\/wp\/v2\/media\/54597"}],"wp:attachment":[{"href":"https:\/\/encuentroinformativo.com.mx\/index.php?rest_route=%2Fwp%2Fv2%2Fmedia&parent=54596"}],"wp:term":[{"taxonomy":"category","embeddable":true,"href":"https:\/\/encuentroinformativo.com.mx\/index.php?rest_route=%2Fwp%2Fv2%2Fcategories&post=54596"},{"taxonomy":"post_tag","embeddable":true,"href":"https:\/\/encuentroinformativo.com.mx\/index.php?rest_route=%2Fwp%2Fv2%2Ftags&post=54596"}],"curies":[{"name":"wp","href":"https:\/\/api.w.org\/{rel}","templated":true}]}}