{"id":54599,"date":"2024-05-17T17:07:56","date_gmt":"2024-05-17T23:07:56","guid":{"rendered":"https:\/\/encuentroinformativo.com.mx\/?p=54599"},"modified":"2024-05-17T17:08:02","modified_gmt":"2024-05-17T23:08:02","slug":"veracruz-no-aguanta-otro-mal-gobierno-debemos-recomponer-el-rumbo-advierte-pepe-yunes","status":"publish","type":"post","link":"https:\/\/encuentroinformativo.com.mx\/?p=54599","title":{"rendered":"Veracruz no aguanta otro mal gobierno, debemos recomponer el rumbo, advierte Pepe Yunes"},"content":{"rendered":"\n<p><strong>* Mantiene el candidato a gobernador el di\u00e1logo con docentes de la entidad sobre los temas de la agenda magisterial de urgente atenci\u00f3n.<\/strong><\/p>\n\n\n\n<p>Xalapa, Ver.- Con inquebrantable determinaci\u00f3n, Pepe Yunes advirti\u00f3 que \u201cVeracruz no aguanta otro mal gobierno y tiene que recomponer el rumbo. Va en serio\u201d. Al reunirse con docentes, de manera resuelta, dijo que el estado debe tomar las decisiones que tengan un solo prop\u00f3sito: que las veracruzanas y los veracruzanos tengan una mejor vida, sin angustia, sin miedo y con posibilidades de realizaci\u00f3n.<\/p>\n\n\n\n<p>La ma\u00f1ana de este viernes, en un ambiente de cordialidad, a dos semanas de la elecci\u00f3n, el candidato a gobernador reconoci\u00f3 el cansancio que en la sociedad causan las grillas y campa\u00f1as huecas y sin sentido. Por eso, habl\u00f3 con las y los educadores de los temas que les interesan.<\/p>\n\n\n\n<p>Destac\u00f3 la impostergable revisi\u00f3n de la Unidad del Sistema para la Carrera de las Maestras y los Maestros (Usicamm), la homologaci\u00f3n y la reclasificaci\u00f3n, un sistema de vivienda para las y los docentes estatales y la subrogaci\u00f3n de los servicios de salud en el Instituto Mexicano del Seguro Social (IMSS). \u201cHay agenda, conocimiento de causa y deseos de trabajar con seriedad para dar soluciones a Veracruz\u201d, precis\u00f3.<\/p>\n\n\n\n<p>Pepe Yunes record\u00f3 el compromiso que hace unos d\u00edas hizo X\u00f3chitl G\u00e1lvez desde Veracruz con el magisterio nacional de que el piso salarial no sea menor a 20 mil pesos mensuales. \u201cY estaremos nosotros atentos a que lo cumpla\u201d, afirm\u00f3.<\/p>\n\n\n\n<p>Adem\u00e1s, reiter\u00f3 la necesidad de llevar al Senado y a la C\u00e1mara de Diputados a las y los candidatos de la coalici\u00f3n Fuerza y Coraz\u00f3n por Veracruz, y a la par, que las y los maestros puedan estar inmersos en las decisiones que implican sus promociones, tanto verticales como horizontales.<\/p>\n\n\n\n<p>Sin embargo, el candidato aclar\u00f3 que lo que pasa en Veracruz es responsabilidad del gobierno del estado, m\u00e1s all\u00e1 de si las atribuciones son federales, municipales o estatales. Para los temas que son estatales, \u201cel Gobernador de Veracruz no tiene excusas y no puede haber pretextos, debe dar soluciones\u201d y ser un facilitador, insisti\u00f3.<\/p>\n\n\n\n<p>Con indignaci\u00f3n expres\u00f3 que \u201ces inadmisible que las maestras corran riesgos por falta de seguridad en el estado\u201d y reafirm\u00f3 su compromiso de que el gobierno de Veracruz tome el control de la vida p\u00fablica y cumpla su primera tarea, que es proteger a las veracruzanas y a los veracruzanos. \u201cLa prioridad es que vivamos en tranquilidad y logremos construir por todos los medios la paz\u201d, a\u00f1adi\u00f3.<\/p>\n\n\n\n<p>Animado por la presencia y el apoyo de las y los profesores, asegur\u00f3: \u201cVienen tiempos buenos para Veracruz. Le hemos dedicado muchos a\u00f1os de pensamiento a Veracruz. Sabemos c\u00f3mo enfrentar los desaf\u00edos y venimos con toda la determinaci\u00f3n a enfrentarlos, no a darles la vuelta. Y sabemos con qui\u00e9n tenemos que enfrentarlos. Juntos vamos a retomar el Veracruz grande, potente, referente que nos gener\u00f3 orgullo por generaciones\u201d.<\/p>\n\n\n\n<p>Pepe Yunes comparti\u00f3 tambi\u00e9n c\u00f3mo aprendi\u00f3 no solo a conocer Veracruz, sino tambi\u00e9n a quererlo, amarlo y respetarlo. A partir de esta experiencia \u201cVeracruz se entiende desde lo local y se aprende desde la pasi\u00f3n y la entrega de su magisterio. Veracruz no merece m\u00e1s un gobierno ajeno y en contra de las maestras y de los maestros. \u00a1Eso se acaba el 2 de junio y empieza una nueva \u00e9poca el 1 de diciembre!\u201d, asegur\u00f3.<\/p>\n","protected":false},"excerpt":{"rendered":"<p>* Mantiene el candidato a gobernador el di\u00e1logo con docentes de la entidad sobre los temas de la agenda magisterial de urgente atenci\u00f3n. Xalapa, Ver.- Con inquebrantable determinaci\u00f3n, Pepe Yunes advirti\u00f3 que \u201cVeracruz no aguanta otro mal gobierno y tiene que recomponer el rumbo. Va en serio\u201d. Al reunirse con docentes, de manera resuelta, dijo [&hellip;]<\/p>\n","protected":false},"author":2476,"featured_media":54600,"comment_status":"open","ping_status":"open","sticky":false,"template":"","format":"standard","meta":{"_jetpack_memberships_contains_paid_content":false,"footnotes":""},"categories":[2],"tags":[],"class_list":["post-54599","post","type-post","status-publish","format-standard","has-post-thumbnail","hentry","category-estado"],"jetpack_featured_media_url":"https:\/\/encuentroinformativo.com.mx\/wp-content\/uploads\/2024\/05\/IMG-20240517-WA0063.jpg","jetpack_sharing_enabled":true,"jetpack_likes_enabled":true,"amp_enabled":true,"_links":{"self":[{"href":"https:\/\/encuentroinformativo.com.mx\/index.php?rest_route=\/wp\/v2\/posts\/54599","targetHints":{"allow":["GET"]}}],"collection":[{"href":"https:\/\/encuentroinformativo.com.mx\/index.php?rest_route=\/wp\/v2\/posts"}],"about":[{"href":"https:\/\/encuentroinformativo.com.mx\/index.php?rest_route=\/wp\/v2\/types\/post"}],"author":[{"embeddable":true,"href":"https:\/\/encuentroinformativo.com.mx\/index.php?rest_route=\/wp\/v2\/users\/2476"}],"replies":[{"embeddable":true,"href":"https:\/\/encuentroinformativo.com.mx\/index.php?rest_route=%2Fwp%2Fv2%2Fcomments&post=54599"}],"version-history":[{"count":1,"href":"https:\/\/encuentroinformativo.com.mx\/index.php?rest_route=\/wp\/v2\/posts\/54599\/revisions"}],"predecessor-version":[{"id":54601,"href":"https:\/\/encuentroinformativo.com.mx\/index.php?rest_route=\/wp\/v2\/posts\/54599\/revisions\/54601"}],"wp:featuredmedia":[{"embeddable":true,"href":"https:\/\/encuentroinformativo.com.mx\/index.php?rest_route=\/wp\/v2\/media\/54600"}],"wp:attachment":[{"href":"https:\/\/encuentroinformativo.com.mx\/index.php?rest_route=%2Fwp%2Fv2%2Fmedia&parent=54599"}],"wp:term":[{"taxonomy":"category","embeddable":true,"href":"https:\/\/encuentroinformativo.com.mx\/index.php?rest_route=%2Fwp%2Fv2%2Fcategories&post=54599"},{"taxonomy":"post_tag","embeddable":true,"href":"https:\/\/encuentroinformativo.com.mx\/index.php?rest_route=%2Fwp%2Fv2%2Ftags&post=54599"}],"curies":[{"name":"wp","href":"https:\/\/api.w.org\/{rel}","templated":true}]}}