{"id":54622,"date":"2024-05-19T15:37:29","date_gmt":"2024-05-19T21:37:29","guid":{"rendered":"https:\/\/encuentroinformativo.com.mx\/?p=54622"},"modified":"2024-05-19T15:37:41","modified_gmt":"2024-05-19T21:37:41","slug":"marchan-en-xalapa-con-marea-rosa","status":"publish","type":"post","link":"https:\/\/encuentroinformativo.com.mx\/?p=54622","title":{"rendered":"Marchan en Xalapa con Marea Rosa"},"content":{"rendered":"\n<p><strong>Juan Arcos <\/strong><\/p>\n\n\n\n<p>Xalapa, Ver.- Cientos de personas con sombrillas rosas y la Bandera Mexicana marcharon en la ciudad de Xalapa del Teatro del Estado \u201cGeneral Ignacio de la Llave\u201d al Palacio de Gobierno para manifestarse en el primer cuadro de la capital.<\/p>\n\n\n\n<p>La gente se concentr\u00f3 afuera del recinto cultural y desde las diez de la ma\u00f1ana sali\u00f3 el contingente, caminando sobre la calle Manuel \u00c1vila Camacho.<\/p>\n\n\n\n<p>Las calles del centro hist\u00f3rico de Xalapa se pintaron de rosa con lonas a favor de la candidata presidencial X\u00f3chitl G\u00e1lvez Ruiz.<\/p>\n\n\n\n<p>\u201c\u00a1Fuera Morena!\u201d, gritaron una y otra vez estas personas durante su recorrido, donde tambi\u00e9n llevaban pancartas con diversos mensajes, como: \u201cmexicanos al grito por la democracia, la libertad y la justicia\u201d.<\/p>\n\n\n\n<p>Diversas organizaciones civiles participaron en esta movilizaci\u00f3n que fue la m\u00e1s numerosa en el estado de Veracruz, donde tambi\u00e9n se observ\u00f3 a familias completas que caminaron por las calles de Xalapa vestidos de color rosa.<\/p>\n\n\n\n<p>Tambi\u00e9n participaron algunas candidatas y candidatos de la coalici\u00f3n Fuerza y Coraz\u00f3n por M\u00e9xico, que confirmaron el Partido Revolucionario Institucional (PRI), Partido Acci\u00f3n Nacional (PAN) y el Partido de la Revoluci\u00f3n Democr\u00e1tica (PRD).<\/p>\n\n\n\n<p>Las personas llevaban varias lonas con las siglas del Frente C\u00edvico Nacional, cuyos integrantes han promovido diversas movilizaciones como Marea Rosa y tambi\u00e9n en defensa del Instituto Nacional Electoral (INE).<\/p>\n\n\n\n<p>Tambi\u00e9n hab\u00eda contingentes de j\u00f3venes con batucadas y otros con atuendos de jarochas que ondeaban la Bandera Mexicana, pues su manifestaci\u00f3n es en defensa de la naci\u00f3n.<\/p>\n\n\n\n<p>De acuerdo con la candidata en la segunda f\u00f3rmula al Senado de la Rep\u00fablica, Sara Deifilia Ladr\u00f3n de Guevara Gonz\u00e1lez, es importante defender la democracia, el Estado de Derecho y la divisi\u00f3n de poderes en M\u00e9xico.<\/p>\n\n\n\n<p>Adem\u00e1s, critic\u00f3 al gobierno actual por su autoritarismo y falta de respeto a la diversidad de opiniones, por lo que hizo un llamado a los ciudadanos a votar en las elecciones del 2 de junio para cambiar el rumbo del pa\u00eds hacia un futuro m\u00e1s justo y democr\u00e1tico.<\/p>\n\n\n\n<p>En el estado de Veracruz hubo movilizaciones por la \u201cMarea Rosa\u201d en diversas ciudades como Tuxpan, Poza Rica, Veracruz- Boca del R\u00edo, Orizaba, C\u00f3rdoba, Coatepec, Perote, Coatzacoalcos y Xalapa.<\/p>\n\n\n\n<figure class=\"wp-block-image size-large\"><img loading=\"lazy\" decoding=\"async\" width=\"683\" height=\"1024\" src=\"https:\/\/encuentroinformativo.com.mx\/wp-content\/uploads\/2024\/05\/2a4f9235-55ae-45a0-baaf-d7731f3d3b0c-683x1024.jpg\" alt=\"\" class=\"wp-image-54624\" srcset=\"https:\/\/encuentroinformativo.com.mx\/wp-content\/uploads\/2024\/05\/2a4f9235-55ae-45a0-baaf-d7731f3d3b0c-683x1024.jpg 683w, https:\/\/encuentroinformativo.com.mx\/wp-content\/uploads\/2024\/05\/2a4f9235-55ae-45a0-baaf-d7731f3d3b0c-200x300.jpg 200w, https:\/\/encuentroinformativo.com.mx\/wp-content\/uploads\/2024\/05\/2a4f9235-55ae-45a0-baaf-d7731f3d3b0c-768x1152.jpg 768w, https:\/\/encuentroinformativo.com.mx\/wp-content\/uploads\/2024\/05\/2a4f9235-55ae-45a0-baaf-d7731f3d3b0c.jpg 912w\" sizes=\"auto, (max-width: 683px) 100vw, 683px\" \/><\/figure>\n","protected":false},"excerpt":{"rendered":"<p>Juan Arcos Xalapa, Ver.- Cientos de personas con sombrillas rosas y la Bandera Mexicana marcharon en la ciudad de Xalapa del Teatro del Estado \u201cGeneral Ignacio de la Llave\u201d al Palacio de Gobierno para manifestarse en el primer cuadro de la capital. La gente se concentr\u00f3 afuera del recinto cultural y desde las diez de [&hellip;]<\/p>\n","protected":false},"author":2476,"featured_media":54623,"comment_status":"open","ping_status":"open","sticky":false,"template":"","format":"standard","meta":{"_jetpack_memberships_contains_paid_content":false,"footnotes":""},"categories":[3],"tags":[],"class_list":["post-54622","post","type-post","status-publish","format-standard","has-post-thumbnail","hentry","category-xalapa"],"jetpack_featured_media_url":"https:\/\/encuentroinformativo.com.mx\/wp-content\/uploads\/2024\/05\/3a0ede14-7107-48fe-9af8-e3920bfcd1cc.jpg","jetpack_sharing_enabled":true,"jetpack_likes_enabled":true,"amp_enabled":true,"_links":{"self":[{"href":"https:\/\/encuentroinformativo.com.mx\/index.php?rest_route=\/wp\/v2\/posts\/54622","targetHints":{"allow":["GET"]}}],"collection":[{"href":"https:\/\/encuentroinformativo.com.mx\/index.php?rest_route=\/wp\/v2\/posts"}],"about":[{"href":"https:\/\/encuentroinformativo.com.mx\/index.php?rest_route=\/wp\/v2\/types\/post"}],"author":[{"embeddable":true,"href":"https:\/\/encuentroinformativo.com.mx\/index.php?rest_route=\/wp\/v2\/users\/2476"}],"replies":[{"embeddable":true,"href":"https:\/\/encuentroinformativo.com.mx\/index.php?rest_route=%2Fwp%2Fv2%2Fcomments&post=54622"}],"version-history":[{"count":1,"href":"https:\/\/encuentroinformativo.com.mx\/index.php?rest_route=\/wp\/v2\/posts\/54622\/revisions"}],"predecessor-version":[{"id":54625,"href":"https:\/\/encuentroinformativo.com.mx\/index.php?rest_route=\/wp\/v2\/posts\/54622\/revisions\/54625"}],"wp:featuredmedia":[{"embeddable":true,"href":"https:\/\/encuentroinformativo.com.mx\/index.php?rest_route=\/wp\/v2\/media\/54623"}],"wp:attachment":[{"href":"https:\/\/encuentroinformativo.com.mx\/index.php?rest_route=%2Fwp%2Fv2%2Fmedia&parent=54622"}],"wp:term":[{"taxonomy":"category","embeddable":true,"href":"https:\/\/encuentroinformativo.com.mx\/index.php?rest_route=%2Fwp%2Fv2%2Fcategories&post=54622"},{"taxonomy":"post_tag","embeddable":true,"href":"https:\/\/encuentroinformativo.com.mx\/index.php?rest_route=%2Fwp%2Fv2%2Ftags&post=54622"}],"curies":[{"name":"wp","href":"https:\/\/api.w.org\/{rel}","templated":true}]}}