{"id":5463,"date":"2020-09-02T14:16:25","date_gmt":"2020-09-02T19:16:25","guid":{"rendered":"https:\/\/encuentroinformativo.com\/?p=5463"},"modified":"2020-09-02T14:16:30","modified_gmt":"2020-09-02T19:16:30","slug":"modificaran-ubicacion-de-cuartel-de-la-gn-en-xalapa","status":"publish","type":"post","link":"https:\/\/encuentroinformativo.com.mx\/?p=5463","title":{"rendered":"Modificar\u00e1n ubicaci\u00f3n de cuartel de la GN en Xalapa"},"content":{"rendered":"\n<p><strong>Juan Arcos <\/strong><\/p>\n\n\n\n<p>Xalapa, Ver.- El cuartel de la Guardia Nacional (GN) ser\u00e1 construido en un terreno aleda\u00f1o al parque \u201cLa Loma\u201d de la capital de Veracruz, donde los vecinos protestaron en los \u00faltimos d\u00edas para evitar que iniciara la obra.<\/p>\n\n\n\n<p>El delegado de Programas Sociales en Veracruz, Manuel Huerta Ladr\u00f3n de Guevara, confirm\u00f3 que el Ej\u00e9rcito Mexicano estar\u00e1 a cargo de la construcci\u00f3n y se llevar\u00e1 a cabo este a\u00f1o en el predio Lote 15.<\/p>\n\n\n\n<p>\u201cEs un predio aleda\u00f1o (al parque mencionado), le llaman Lote 15, es un predio con muy buenas condiciones. Se cumplen todas las normatividades (no es un \u00e1rea verde)\u201d.<\/p>\n\n\n\n<p>De acuerdo con el funcionario federal, se busca que la comandancia de la Guardia Nacional albergue a 200 elementos para contribuir a las labores de seguridad en la zona de Xalapa, Coatepec y otros municipios cercanos.<\/p>\n\n\n\n<p>Cabe recordar que el secretario de Gobierno, Eric Patrocinio Cisneros Burgos, revel\u00f3 recientemente que el terreno mencionado fue donado por la Direcci\u00f3n General de Patrimonio del Estado de Veracruz a dicha corporaci\u00f3n federal.<\/p>\n\n\n\n<p>Al respecto, Huerta Ladr\u00f3n de Guevara mencion\u00f3 que los elementos federales auxiliar\u00e1n a los 400 polic\u00edas municipales que est\u00e1n activos en la ciudad capital, toda vez que la demanda de seguridad es notoria en la zona.<\/p>\n\n\n\n<p>El cuartel ser\u00e1 habilitado a unos metros de la carretera Xalapa-Coatepec, cerca del Vel\u00f3dromo -mismo que fue habilitado como Centro de Atenci\u00f3n M\u00e9dica Expandida (CAME-C19) para atender casos de SARS-COV-2 (COVID-19)- y de las oficinas del Sistema para el Desarrollo Integral de la Familia (DIF) de Veracruz.<\/p>\n\n\n\n<p>Por su parte, el presidente municipal de Xalapa, Hip\u00f3lito Rodr\u00edguez Herrero, indic\u00f3 que acudir\u00eda al parque \u201cLa Loma\u201d para informar a los vecinos que ese lugar de esparcimiento est\u00e1 siendo respetado por las autoridades.<\/p>\n\n\n\n<p>\u201cEs una zona que padece mucha inseguridad, es uno de los m\u00e1rgenes de nuestra ciudad donde se presentan con frecuencia actividades delictivas\u201d, expres\u00f3 el edil, acompa\u00f1ado de autoridades de la GN y del Delegado de Programas Sociales.<\/p>\n\n\n\n<p>Tras las protestas ciudadanas, las autoridades municipales se vieron obligadas a cambiar el terreno para construir la obra; sin embargo, el director de Gobernaci\u00f3n del ayuntamiento, Juan Vergel Pacheco, hab\u00eda informado a los vecinos que no hab\u00edan sido otorgadas las licencias para el cambio de uso de suelo en el parque mencionado.<\/p>\n\n\n\n<p><\/p>\n","protected":false},"excerpt":{"rendered":"<p>Juan Arcos Xalapa, Ver.- El cuartel de la Guardia Nacional (GN) ser\u00e1 construido en un terreno aleda\u00f1o al parque \u201cLa Loma\u201d de la capital de Veracruz, donde los vecinos protestaron en los \u00faltimos d\u00edas para evitar que iniciara la obra. El delegado de Programas Sociales en Veracruz, Manuel Huerta Ladr\u00f3n de Guevara, confirm\u00f3 que el [&hellip;]<\/p>\n","protected":false},"author":1,"featured_media":5464,"comment_status":"open","ping_status":"open","sticky":false,"template":"","format":"standard","meta":{"_jetpack_memberships_contains_paid_content":false,"footnotes":""},"categories":[3],"tags":[],"class_list":["post-5463","post","type-post","status-publish","format-standard","has-post-thumbnail","hentry","category-xalapa"],"jetpack_featured_media_url":"https:\/\/encuentroinformativo.com.mx\/wp-content\/uploads\/2020\/09\/0E8EFE13-FAD5-4DD6-A78B-068680F660C2.jpeg","jetpack_sharing_enabled":true,"jetpack_likes_enabled":true,"amp_enabled":true,"_links":{"self":[{"href":"https:\/\/encuentroinformativo.com.mx\/index.php?rest_route=\/wp\/v2\/posts\/5463","targetHints":{"allow":["GET"]}}],"collection":[{"href":"https:\/\/encuentroinformativo.com.mx\/index.php?rest_route=\/wp\/v2\/posts"}],"about":[{"href":"https:\/\/encuentroinformativo.com.mx\/index.php?rest_route=\/wp\/v2\/types\/post"}],"author":[{"embeddable":true,"href":"https:\/\/encuentroinformativo.com.mx\/index.php?rest_route=\/wp\/v2\/users\/1"}],"replies":[{"embeddable":true,"href":"https:\/\/encuentroinformativo.com.mx\/index.php?rest_route=%2Fwp%2Fv2%2Fcomments&post=5463"}],"version-history":[{"count":1,"href":"https:\/\/encuentroinformativo.com.mx\/index.php?rest_route=\/wp\/v2\/posts\/5463\/revisions"}],"predecessor-version":[{"id":5465,"href":"https:\/\/encuentroinformativo.com.mx\/index.php?rest_route=\/wp\/v2\/posts\/5463\/revisions\/5465"}],"wp:featuredmedia":[{"embeddable":true,"href":"https:\/\/encuentroinformativo.com.mx\/index.php?rest_route=\/wp\/v2\/media\/5464"}],"wp:attachment":[{"href":"https:\/\/encuentroinformativo.com.mx\/index.php?rest_route=%2Fwp%2Fv2%2Fmedia&parent=5463"}],"wp:term":[{"taxonomy":"category","embeddable":true,"href":"https:\/\/encuentroinformativo.com.mx\/index.php?rest_route=%2Fwp%2Fv2%2Fcategories&post=5463"},{"taxonomy":"post_tag","embeddable":true,"href":"https:\/\/encuentroinformativo.com.mx\/index.php?rest_route=%2Fwp%2Fv2%2Ftags&post=5463"}],"curies":[{"name":"wp","href":"https:\/\/api.w.org\/{rel}","templated":true}]}}