{"id":54642,"date":"2024-05-20T09:58:56","date_gmt":"2024-05-20T15:58:56","guid":{"rendered":"https:\/\/encuentroinformativo.com.mx\/?p=54642"},"modified":"2024-05-20T09:59:04","modified_gmt":"2024-05-20T15:59:04","slug":"docentes-reclaman-en-la-sev-cambios-de-adscripcion-y-basificaciones","status":"publish","type":"post","link":"https:\/\/encuentroinformativo.com.mx\/?p=54642","title":{"rendered":"Docentes reclaman en la SEV cambios de adscripci\u00f3n y basificaciones"},"content":{"rendered":"\n<p><strong>Dar\u00edo Pale <\/strong><\/p>\n\n\n\n<p>Xalapa, Ver.- Docentes adheridos a Antorcha Magisterial en Veracruz tomaron las instalaciones de la Secretar\u00eda de Educaci\u00f3n de veracruz (SEV), para exigir que el cumplimiento de los acuerdos que se tomaron con los maestros y resuelva las demandas laborales del sector magisterial.<\/p>\n\n\n\n<p>Entrevistado durante la manifestaci\u00f3n Samuel D\u00edaz Rosas, dirigente estatal, se\u00f1al\u00f3 que es urgente que se atienda la demanda de basificaciones, cambios de adscripci\u00f3n, recategorizaciones de m\u00e1s de 400 maestros en toda la entidad.\u00a0<\/p>\n\n\n\n<p>Asimismo, los docentes exigen que se aumente el techo presupuestal de los sindicatos para que se puedan crear nuevas plazas docentes y horas-clase, pues en diversas comunidades del estado el personal docente y de apoyo ya no se da abasto para atender a la poblaci\u00f3n estudiantil.<\/p>\n\n\n\n<p>Al mismo tiempo, tambi\u00e9n exigen que la SEV otorgue nuevas claves de centros escolares para atender a ni\u00f1os y j\u00f3venes en comunidades y colonias populares marginadas del estado, en municipios como Tierra Blanca, Poza Rica, Tihuatl\u00e1n y la misma Xalapa.<\/p>\n\n\n\n<p>En este sentido, el l\u00edder magisterial advirti\u00f3 que la toma de las instalaciones de la SEV ser\u00e1 el primero de varios actos de protesta que se tienen programados ante el incumplimiento de las autoridades, adem\u00e1s de que esperan el arribo de m\u00e1s docentes y se sumen a la manifestaci\u00f3n.<\/p>\n","protected":false},"excerpt":{"rendered":"<p>Dar\u00edo Pale Xalapa, Ver.- Docentes adheridos a Antorcha Magisterial en Veracruz tomaron las instalaciones de la Secretar\u00eda de Educaci\u00f3n de veracruz (SEV), para exigir que el cumplimiento de los acuerdos que se tomaron con los maestros y resuelva las demandas laborales del sector magisterial. Entrevistado durante la manifestaci\u00f3n Samuel D\u00edaz Rosas, dirigente estatal, se\u00f1al\u00f3 que [&hellip;]<\/p>\n","protected":false},"author":2476,"featured_media":54643,"comment_status":"open","ping_status":"open","sticky":false,"template":"","format":"standard","meta":{"_jetpack_memberships_contains_paid_content":false,"footnotes":""},"categories":[3],"tags":[],"class_list":["post-54642","post","type-post","status-publish","format-standard","has-post-thumbnail","hentry","category-xalapa"],"jetpack_featured_media_url":"https:\/\/encuentroinformativo.com.mx\/wp-content\/uploads\/2024\/05\/IMG-20240520-WA0010.jpg","jetpack_sharing_enabled":true,"jetpack_likes_enabled":true,"amp_enabled":true,"_links":{"self":[{"href":"https:\/\/encuentroinformativo.com.mx\/index.php?rest_route=\/wp\/v2\/posts\/54642","targetHints":{"allow":["GET"]}}],"collection":[{"href":"https:\/\/encuentroinformativo.com.mx\/index.php?rest_route=\/wp\/v2\/posts"}],"about":[{"href":"https:\/\/encuentroinformativo.com.mx\/index.php?rest_route=\/wp\/v2\/types\/post"}],"author":[{"embeddable":true,"href":"https:\/\/encuentroinformativo.com.mx\/index.php?rest_route=\/wp\/v2\/users\/2476"}],"replies":[{"embeddable":true,"href":"https:\/\/encuentroinformativo.com.mx\/index.php?rest_route=%2Fwp%2Fv2%2Fcomments&post=54642"}],"version-history":[{"count":1,"href":"https:\/\/encuentroinformativo.com.mx\/index.php?rest_route=\/wp\/v2\/posts\/54642\/revisions"}],"predecessor-version":[{"id":54644,"href":"https:\/\/encuentroinformativo.com.mx\/index.php?rest_route=\/wp\/v2\/posts\/54642\/revisions\/54644"}],"wp:featuredmedia":[{"embeddable":true,"href":"https:\/\/encuentroinformativo.com.mx\/index.php?rest_route=\/wp\/v2\/media\/54643"}],"wp:attachment":[{"href":"https:\/\/encuentroinformativo.com.mx\/index.php?rest_route=%2Fwp%2Fv2%2Fmedia&parent=54642"}],"wp:term":[{"taxonomy":"category","embeddable":true,"href":"https:\/\/encuentroinformativo.com.mx\/index.php?rest_route=%2Fwp%2Fv2%2Fcategories&post=54642"},{"taxonomy":"post_tag","embeddable":true,"href":"https:\/\/encuentroinformativo.com.mx\/index.php?rest_route=%2Fwp%2Fv2%2Ftags&post=54642"}],"curies":[{"name":"wp","href":"https:\/\/api.w.org\/{rel}","templated":true}]}}