{"id":54645,"date":"2024-05-20T10:23:49","date_gmt":"2024-05-20T16:23:49","guid":{"rendered":"https:\/\/encuentroinformativo.com.mx\/?p=54645"},"modified":"2024-05-20T10:23:56","modified_gmt":"2024-05-20T16:23:56","slug":"padres-exigen-docente-para-primaria-de-jalacingo","status":"publish","type":"post","link":"https:\/\/encuentroinformativo.com.mx\/?p=54645","title":{"rendered":"Padres exigen docente para primaria de Jalacingo"},"content":{"rendered":"\n<p><strong>Dar\u00edo Pale <\/strong><\/p>\n\n\n\n<p>Xalapa, Ver.- Padres de familia de la Escuela Primaria &#8220;Tierra y Libertad&#8221; de la comunidad de Santa Ana del municipio de Jalacingo, se manifiestan esta ma\u00f1ana en la Plaza Lerdo para exigir la asignaci\u00f3n de un docente para tercer a\u00f1o.<\/p>\n\n\n\n<p>Al respecto, Ver\u00f3nica V\u00e1zquez Dom\u00ednguez madre de familia, indic\u00f3 que desde hace tres meses les hace falta un maestro para el tercer grado y son alrededor de 25 ni\u00f1os los que se ven afectados.<\/p>\n\n\n\n<p>Dio a conocer que la maestra que estaba a cargo pidi\u00f3 un permiso hace tres meses sin goce de sueldo, sin embargo a la fecha la Secretar\u00eda de Educaci\u00f3n no ha enviado a un reemplazo, por lo que piden que la dependencia les asigne un docente.<\/p>\n\n\n\n<p>\u201cNos hace falta un maestro desde hace tres meses, nuestra maestra de tercer grado pidi\u00f3 permiso sin goce de sueldo, realiz\u00f3 su tr\u00e1mite, sin embargo a la fecha no ha llegado su reemplazo, es por eso que solicitamos la intervenci\u00f3n de la SEV para que env\u00eden un maestro, los ni\u00f1os necesitan la atenci\u00f3n\u201d, se\u00f1al\u00f3.<\/p>\n\n\n\n<p>Asimismo, dijo que ya se hicieron los tr\u00e1mites correspondientes ante la SEV para que les env\u00eden un maestro, pero no han tenido respuesta.<\/p>\n\n\n\n<p>Ante ello, las madres y padres no descartaron tomar otras medidas a manera de presi\u00f3n, pues aseguraron que los ni\u00f1os se ven afectados y pronto terminar\u00e1 el ciclo escolar.<\/p>\n\n\n\n<p>Finalmente comentaron que, \u201clos tr\u00e1mites ya se hicieron, el supervisor tiene conocimiento pero a la fecha nada. Nos dicen que son tr\u00e1mites administrativos, pero ya termina el ciclo y sin maestro\u201d.<\/p>\n","protected":false},"excerpt":{"rendered":"<p>Dar\u00edo Pale Xalapa, Ver.- Padres de familia de la Escuela Primaria &#8220;Tierra y Libertad&#8221; de la comunidad de Santa Ana del municipio de Jalacingo, se manifiestan esta ma\u00f1ana en la Plaza Lerdo para exigir la asignaci\u00f3n de un docente para tercer a\u00f1o. Al respecto, Ver\u00f3nica V\u00e1zquez Dom\u00ednguez madre de familia, indic\u00f3 que desde hace tres [&hellip;]<\/p>\n","protected":false},"author":2476,"featured_media":54646,"comment_status":"open","ping_status":"open","sticky":false,"template":"","format":"standard","meta":{"_jetpack_memberships_contains_paid_content":false,"footnotes":""},"categories":[2],"tags":[],"class_list":["post-54645","post","type-post","status-publish","format-standard","has-post-thumbnail","hentry","category-estado"],"jetpack_featured_media_url":"https:\/\/encuentroinformativo.com.mx\/wp-content\/uploads\/2024\/05\/IMG-20240520-WA00202.jpg","jetpack_sharing_enabled":true,"jetpack_likes_enabled":true,"amp_enabled":true,"_links":{"self":[{"href":"https:\/\/encuentroinformativo.com.mx\/index.php?rest_route=\/wp\/v2\/posts\/54645","targetHints":{"allow":["GET"]}}],"collection":[{"href":"https:\/\/encuentroinformativo.com.mx\/index.php?rest_route=\/wp\/v2\/posts"}],"about":[{"href":"https:\/\/encuentroinformativo.com.mx\/index.php?rest_route=\/wp\/v2\/types\/post"}],"author":[{"embeddable":true,"href":"https:\/\/encuentroinformativo.com.mx\/index.php?rest_route=\/wp\/v2\/users\/2476"}],"replies":[{"embeddable":true,"href":"https:\/\/encuentroinformativo.com.mx\/index.php?rest_route=%2Fwp%2Fv2%2Fcomments&post=54645"}],"version-history":[{"count":1,"href":"https:\/\/encuentroinformativo.com.mx\/index.php?rest_route=\/wp\/v2\/posts\/54645\/revisions"}],"predecessor-version":[{"id":54647,"href":"https:\/\/encuentroinformativo.com.mx\/index.php?rest_route=\/wp\/v2\/posts\/54645\/revisions\/54647"}],"wp:featuredmedia":[{"embeddable":true,"href":"https:\/\/encuentroinformativo.com.mx\/index.php?rest_route=\/wp\/v2\/media\/54646"}],"wp:attachment":[{"href":"https:\/\/encuentroinformativo.com.mx\/index.php?rest_route=%2Fwp%2Fv2%2Fmedia&parent=54645"}],"wp:term":[{"taxonomy":"category","embeddable":true,"href":"https:\/\/encuentroinformativo.com.mx\/index.php?rest_route=%2Fwp%2Fv2%2Fcategories&post=54645"},{"taxonomy":"post_tag","embeddable":true,"href":"https:\/\/encuentroinformativo.com.mx\/index.php?rest_route=%2Fwp%2Fv2%2Ftags&post=54645"}],"curies":[{"name":"wp","href":"https:\/\/api.w.org\/{rel}","templated":true}]}}