{"id":54654,"date":"2024-05-20T12:43:42","date_gmt":"2024-05-20T18:43:42","guid":{"rendered":"https:\/\/encuentroinformativo.com.mx\/?p=54654"},"modified":"2024-05-20T12:43:48","modified_gmt":"2024-05-20T18:43:48","slug":"historicamente-medellin-de-bravo-ha-sido-olvidado-por-gobiernos-estatales-memo-herrada","status":"publish","type":"post","link":"https:\/\/encuentroinformativo.com.mx\/?p=54654","title":{"rendered":"Hist\u00f3ricamente Medell\u00edn de Bravo ha sido olvidado por gobiernos estatales: Memo Herrada"},"content":{"rendered":"\n<p><strong>Alejandro \u00c1vila<\/strong><\/p>\n\n\n\n<p>Medell\u00edn de Bravo, Ver.- El actual gobierno del Estado ha olvidado al productor primario, e hist\u00f3ricamente Medell\u00edn de Bravo ha sido uno de los municipios m\u00e1s afectados, se\u00f1al\u00f3 el empresario, Guillermo Herrada Jim\u00e9nez, quien organiz\u00f3 un evento con m\u00e1s de 3 mil personas, para respaldar el proyecto de Jos\u00e9 Francisco Yunes Zorrilla, candidato a la gubernatura de Veracruz.<\/p>\n\n\n\n<p>&#8220;Es un gusto recibir en Medell\u00edn a nuestro amigo Pepe, as\u00ed como a los dem\u00e1s candidatos presentes. Yo les pido, que as\u00ed como me han brindado su voto de confianza, y no les he fallado, lo hagamos con nuestro amigo Pepe Yunes, \u00e9l tampoco los defraudar\u00e1, \u00e9l quiere que le vaya bien a los medellinenses y va a trabajar para que as\u00ed sea, apoy\u00e9moslo juntos, debemos participar en los procesos electorales para construir juntos un futuro mejor para Veracruz\u201d.<\/p>\n\n\n\n<p>De igual forma, la doctora, Betsab\u00e9 Sol\u00eds Neri; manifest\u00f3 que Medell\u00edn de Bravo es un lugar que ha estado olvidado por los gobiernos y por eso vive en el rezago, pero que hay confianza en que siendo Pepe Yunes gobernador, eso cambie.<\/p>\n\n\n\n<p>\u201cMedell\u00edn merece un mejor destino, un mejor futuro y un buen gobierno, la forma en la que vamos a mejorar, ser\u00e1 si Pepe Yunes es gobernador; as\u00ed que Pepe, cuenten con Medell\u00edn, por qu\u00e9 Medell\u00edn contar\u00e1 con ustedes\u201d, puntualiz\u00f3, Betsa Sol\u00eds Neri.<\/p>\n\n\n\n<p>El candidato a la gubernatura Pepe Yunes, platic\u00f3 con los medellinenses de la importancia de ejercer su derecho al voto, el cual ve, como un voto \u201cpara contratarlo como gobernador\u201d.<\/p>\n\n\n\n<p>\u201cVengo aqu\u00ed a pedirles trabajo como gobernador, para eso les estoy pidiendo su voto, a lo largo de 30 a\u00f1os he demostrado honestidad y he dado resultado, los medellinenses quieren un gobernador que resuelva problemas, un gobierno que se coordine con los municipios, estamos a dos semanas de llevar un buen gobierno al estado de Veracruz, hag\u00e1moslo juntos\u201d, concluy\u00f3 Jos\u00e9 Yunes Zorrilla.<\/p>\n\n\n\n<p>En este evento, convocado por Guillermo Herrada Jim\u00e9nez, reconocido empresario, figura influyente en la regi\u00f3n y representante de MEMO A.C., se cont\u00f3 con la presencia de la candidata a la diputaci\u00f3n local por el Distrito 16, Indira Rosales San Rom\u00e1n; el candidato a la diputaci\u00f3n federal por el distrito 13, V\u00edctor Serralde; y el ex gobernador del Estado de M\u00e9xico, C\u00e9sar Camacho.<\/p>\n","protected":false},"excerpt":{"rendered":"<p>Alejandro \u00c1vila Medell\u00edn de Bravo, Ver.- El actual gobierno del Estado ha olvidado al productor primario, e hist\u00f3ricamente Medell\u00edn de Bravo ha sido uno de los municipios m\u00e1s afectados, se\u00f1al\u00f3 el empresario, Guillermo Herrada Jim\u00e9nez, quien organiz\u00f3 un evento con m\u00e1s de 3 mil personas, para respaldar el proyecto de Jos\u00e9 Francisco Yunes Zorrilla, candidato [&hellip;]<\/p>\n","protected":false},"author":2476,"featured_media":54655,"comment_status":"open","ping_status":"open","sticky":false,"template":"","format":"standard","meta":{"_jetpack_memberships_contains_paid_content":false,"footnotes":""},"categories":[2],"tags":[],"class_list":["post-54654","post","type-post","status-publish","format-standard","has-post-thumbnail","hentry","category-estado"],"jetpack_featured_media_url":"https:\/\/encuentroinformativo.com.mx\/wp-content\/uploads\/2024\/05\/IMG-20240520-WA00972.jpg","jetpack_sharing_enabled":true,"jetpack_likes_enabled":true,"amp_enabled":true,"_links":{"self":[{"href":"https:\/\/encuentroinformativo.com.mx\/index.php?rest_route=\/wp\/v2\/posts\/54654","targetHints":{"allow":["GET"]}}],"collection":[{"href":"https:\/\/encuentroinformativo.com.mx\/index.php?rest_route=\/wp\/v2\/posts"}],"about":[{"href":"https:\/\/encuentroinformativo.com.mx\/index.php?rest_route=\/wp\/v2\/types\/post"}],"author":[{"embeddable":true,"href":"https:\/\/encuentroinformativo.com.mx\/index.php?rest_route=\/wp\/v2\/users\/2476"}],"replies":[{"embeddable":true,"href":"https:\/\/encuentroinformativo.com.mx\/index.php?rest_route=%2Fwp%2Fv2%2Fcomments&post=54654"}],"version-history":[{"count":1,"href":"https:\/\/encuentroinformativo.com.mx\/index.php?rest_route=\/wp\/v2\/posts\/54654\/revisions"}],"predecessor-version":[{"id":54656,"href":"https:\/\/encuentroinformativo.com.mx\/index.php?rest_route=\/wp\/v2\/posts\/54654\/revisions\/54656"}],"wp:featuredmedia":[{"embeddable":true,"href":"https:\/\/encuentroinformativo.com.mx\/index.php?rest_route=\/wp\/v2\/media\/54655"}],"wp:attachment":[{"href":"https:\/\/encuentroinformativo.com.mx\/index.php?rest_route=%2Fwp%2Fv2%2Fmedia&parent=54654"}],"wp:term":[{"taxonomy":"category","embeddable":true,"href":"https:\/\/encuentroinformativo.com.mx\/index.php?rest_route=%2Fwp%2Fv2%2Fcategories&post=54654"},{"taxonomy":"post_tag","embeddable":true,"href":"https:\/\/encuentroinformativo.com.mx\/index.php?rest_route=%2Fwp%2Fv2%2Ftags&post=54654"}],"curies":[{"name":"wp","href":"https:\/\/api.w.org\/{rel}","templated":true}]}}