{"id":54657,"date":"2024-05-20T13:00:51","date_gmt":"2024-05-20T19:00:51","guid":{"rendered":"https:\/\/encuentroinformativo.com.mx\/?p=54657"},"modified":"2024-05-20T13:00:58","modified_gmt":"2024-05-20T19:00:58","slug":"tras-11-anos-autoridades-ofreceran-disculpa-por-feminicidio-de-pilar-arguello","status":"publish","type":"post","link":"https:\/\/encuentroinformativo.com.mx\/?p=54657","title":{"rendered":"Tras 11 a\u00f1os, autoridades ofrecer\u00e1n disculpa por feminicidio de Pilar Arguello"},"content":{"rendered":"\n<p><strong>Dar\u00edo Pale <\/strong><\/p>\n\n\n\n<p>Xalapa, Ver.- M\u00e1s de 11 a\u00f1os tuvieron que pasar para que el Estado Mexicano reconozca las fallas que se han tenido en la resoluci\u00f3n del caso de feminicidio de Pilar Arguello Trujillo, quien fue asesinada por su pareja sentimental en el municipio de Coscomatepec, as\u00ed lo dio a conocer la Coordinadora General de Equifon\u00eda, Adriana Fuentes,\u00a0<\/p>\n\n\n\n<p>En conferencia de prensa inform\u00f3 que el Estado Mexicano llevar\u00e1 a cabo el acto de reconocimiento de responsabilidad internacional y disculpa p\u00fablica para Pilar y su familia el pr\u00f3ximo viernes 24 de mayo a las 11:00 horas en la plazuela Miguel Hidalgo en el centro de Coscomatepec.<\/p>\n\n\n\n<p>Pilar Arguello Trujillo fue asesinada el 3 de septiembre por su pareja sentimental, quien confes\u00f3 el feminicidio, dos meses despu\u00e9s se resolvi\u00f3 absolver al procesado quien en ese momento era menor de edad.<\/p>\n\n\n\n<p>&#8220;A m\u00e1s de 11 a\u00f1os y tras agotar el proceso judicial con las autoridades mexicanas, Reyna Trujillo Reyes y Pedro Arguello Morales, madre y padre de Pilar, v\u00edctimas indirectas, con Equifon\u00eda, colectivo por la Ciudadan\u00eda, Autonom\u00eda y Libertad para las Mujeres A.C; promovieron un procedimiento&#8221;, coment\u00f3.<\/p>\n\n\n\n<p>&#8220;Dicho procedimiento de comunicaci\u00f3n ante el Comit\u00e9 para la Eliminaci\u00f3n de Todas las Formas de Discriminaci\u00f3n contra la Mujer, admitido el 21 de julio de 2017, siendo el primer caso de feminicidio que de manera particular se pronuncia el comit\u00e9 del CEDAW&#8221;, subray\u00f3.<\/p>\n\n\n\n<p>Explic\u00f3 que se pudo llegar a este reconocimiento luego de agotar los recursos internos a nivel nacional y junto con la familia se promovi\u00f3 una comunicaci\u00f3n ante el Comit\u00e9 para la Eliminaci\u00f3n de Todas las Formas de Discriminaci\u00f3n Contra la Mujer.<\/p>\n\n\n\n<p>Ante ello, dijo que tras agotar el proceso judicial con las autoridades, Reina Trujillo y Pedro Arguello, madre y padre de Pilar junto Equifon\u00eda, promovieron el procedimiento y como resultado se tiene el reconocimiento de responsabilidad internacional y disculpa p\u00fablica, acto en el que las autoridades reconocer\u00e1n las fallas y los pendientes institucionales que persisten para garantizar verdad y justicia para Pilar y sus familiares.<\/p>\n\n\n\n<p>Agreg\u00f3 adem\u00e1s que las violaciones en el proceso fueron la discriminaci\u00f3n, as\u00ed como la falta pol\u00edtica p\u00fablica para la atenci\u00f3n adecuada de la violencia contra las mujeres e impunidad.<\/p>\n\n\n\n<p>Y es que dijo, que con ello se confirma que hay fallas en la integraci\u00f3n de la carpeta y vac\u00edos importantes como el levantamiento del cuerpo y la manera de c\u00f3mo es informada la familia.<\/p>\n\n\n\n<p>\u201cEsto muestra las deficiencias de las instituciones de c\u00f3mo se abordan los casos de feminicidio. Este caso refleja el trato que se da en estos casos\u201d, se\u00f1al\u00f3.<\/p>\n\n\n\n<p>Finalmente, expres\u00f3 que deber\u00eda haber cambios a nivel interno en las instituciones para que haya sanciones en contra de quienes cometen este tipo de fallas.<\/p>\n","protected":false},"excerpt":{"rendered":"<p>Dar\u00edo Pale Xalapa, Ver.- M\u00e1s de 11 a\u00f1os tuvieron que pasar para que el Estado Mexicano reconozca las fallas que se han tenido en la resoluci\u00f3n del caso de feminicidio de Pilar Arguello Trujillo, quien fue asesinada por su pareja sentimental en el municipio de Coscomatepec, as\u00ed lo dio a conocer la Coordinadora General de [&hellip;]<\/p>\n","protected":false},"author":2476,"featured_media":54658,"comment_status":"open","ping_status":"open","sticky":false,"template":"","format":"standard","meta":{"_jetpack_memberships_contains_paid_content":false,"footnotes":""},"categories":[2],"tags":[],"class_list":["post-54657","post","type-post","status-publish","format-standard","has-post-thumbnail","hentry","category-estado"],"jetpack_featured_media_url":"https:\/\/encuentroinformativo.com.mx\/wp-content\/uploads\/2024\/05\/IMG-20240520-WA0045.jpg","jetpack_sharing_enabled":true,"jetpack_likes_enabled":true,"amp_enabled":true,"_links":{"self":[{"href":"https:\/\/encuentroinformativo.com.mx\/index.php?rest_route=\/wp\/v2\/posts\/54657","targetHints":{"allow":["GET"]}}],"collection":[{"href":"https:\/\/encuentroinformativo.com.mx\/index.php?rest_route=\/wp\/v2\/posts"}],"about":[{"href":"https:\/\/encuentroinformativo.com.mx\/index.php?rest_route=\/wp\/v2\/types\/post"}],"author":[{"embeddable":true,"href":"https:\/\/encuentroinformativo.com.mx\/index.php?rest_route=\/wp\/v2\/users\/2476"}],"replies":[{"embeddable":true,"href":"https:\/\/encuentroinformativo.com.mx\/index.php?rest_route=%2Fwp%2Fv2%2Fcomments&post=54657"}],"version-history":[{"count":1,"href":"https:\/\/encuentroinformativo.com.mx\/index.php?rest_route=\/wp\/v2\/posts\/54657\/revisions"}],"predecessor-version":[{"id":54659,"href":"https:\/\/encuentroinformativo.com.mx\/index.php?rest_route=\/wp\/v2\/posts\/54657\/revisions\/54659"}],"wp:featuredmedia":[{"embeddable":true,"href":"https:\/\/encuentroinformativo.com.mx\/index.php?rest_route=\/wp\/v2\/media\/54658"}],"wp:attachment":[{"href":"https:\/\/encuentroinformativo.com.mx\/index.php?rest_route=%2Fwp%2Fv2%2Fmedia&parent=54657"}],"wp:term":[{"taxonomy":"category","embeddable":true,"href":"https:\/\/encuentroinformativo.com.mx\/index.php?rest_route=%2Fwp%2Fv2%2Fcategories&post=54657"},{"taxonomy":"post_tag","embeddable":true,"href":"https:\/\/encuentroinformativo.com.mx\/index.php?rest_route=%2Fwp%2Fv2%2Ftags&post=54657"}],"curies":[{"name":"wp","href":"https:\/\/api.w.org\/{rel}","templated":true}]}}