{"id":54660,"date":"2024-05-20T13:20:41","date_gmt":"2024-05-20T19:20:41","guid":{"rendered":"https:\/\/encuentroinformativo.com.mx\/?p=54660"},"modified":"2024-05-20T13:20:46","modified_gmt":"2024-05-20T19:20:46","slug":"interpondra-denuncias-por-detenciones-de-vehiculos-senala-pri","status":"publish","type":"post","link":"https:\/\/encuentroinformativo.com.mx\/?p=54660","title":{"rendered":"Interpondr\u00e1 denuncias por detenciones de veh\u00edculos, se\u00f1ala PRI"},"content":{"rendered":"\n<p><strong>Dar\u00edo Pale <\/strong><\/p>\n\n\n\n<p>Xalapa, Ver.- Dan a conocer que presentar\u00e1n denuncia ante la Fiscal\u00eda General del Estado, en contra del titular de Transporte P\u00fablico del Estado, \u00c1ngel Alarc\u00f3n Palmeros, por abuso de poder y retenci\u00f3n de una unidad de uso particular, as\u00ed lo dio a conocer el presidente del Comit\u00e9 Directivo Estatal del PRI, Adolfo Ram\u00edrez Arana.<\/p>\n\n\n\n<p>En conferencia de prensa, revel\u00f3 que el operativo de detenci\u00f3n a las unidades en el evento pol\u00edtico-electoral en el municipio de Yanga, fue ordenado por el &#8220;1&#8221;, al referirse al gobernador Cuitl\u00e1huac Garc\u00eda Jim\u00e9nez.<\/p>\n\n\n\n<p>Expres\u00f3 que producto de la desesperaci\u00f3n de Morena, de verse abajo en todas las encuestas serias, incluso en algunas con seis puntos de diferencia; intentaron bloquear un evento del candidato Jos\u00e9 Francisco Yunes Zorrilla, en Yanga.<\/p>\n\n\n\n<p>Expuso que el evento estaba previsto para que estuvieran ca\u00f1eros de todo el Estado, con l\u00edderes de los 17 ingenios que hay en la Entidad para respaldar a la coalici\u00f3n Fuerza y Coraz\u00f3n por Veracruz.<\/p>\n\n\n\n<p>&#8220;Ante un acto desesperado del gobierno del Estado, mandaron a personal de la direcci\u00f3n de Transporte P\u00fablico, a parar a las unidades que estaban transportando a simpatizantes y a ca\u00f1eros de todo el Estado, para amedrentar, para bloquear, para retirar las unidades.<\/p>\n\n\n\n<p>Y eso no es m\u00e1s que producto de la desesperaci\u00f3n. No vemos ning\u00fan operativo de estos en los movimientos que hace la candidata zacatecana Roc\u00edo Nahle&#8221;, se\u00f1al\u00f3.<\/p>\n\n\n\n<p>El l\u00edder del Tricolor denunci\u00f3 que amenazaron a los transportistas con quitarles las concesiones si daban el servicio para transportar a gente a los eventos de Pepe Yunes.<\/p>\n\n\n\n<p>Indic\u00f3 que oficiales de Transporte P\u00fablico tuvieron detenido veh\u00edculo privado por m\u00e1s de dos horas, por lo que presentar\u00e1n denuncia ante la Fiscal\u00eda General del Estado.<\/p>\n\n\n\n<p>Ram\u00edrez Arana revel\u00f3 tambi\u00e9n que los concesionarios de taxis han denunciado que desde la administraci\u00f3n estatal los est\u00e1n coaccionando para que acarreen a los militantes de Morena.<\/p>\n\n\n\n<p>Finalmente se\u00f1al\u00f3 que ello es un delito, por lo que estar\u00e1n atentos como partidos, aunque subray\u00f3 que la sociedad civil esta harta de esta situaci\u00f3n.<\/p>\n","protected":false},"excerpt":{"rendered":"<p>Dar\u00edo Pale Xalapa, Ver.- Dan a conocer que presentar\u00e1n denuncia ante la Fiscal\u00eda General del Estado, en contra del titular de Transporte P\u00fablico del Estado, \u00c1ngel Alarc\u00f3n Palmeros, por abuso de poder y retenci\u00f3n de una unidad de uso particular, as\u00ed lo dio a conocer el presidente del Comit\u00e9 Directivo Estatal del PRI, Adolfo Ram\u00edrez [&hellip;]<\/p>\n","protected":false},"author":2476,"featured_media":54661,"comment_status":"open","ping_status":"open","sticky":false,"template":"","format":"standard","meta":{"_jetpack_memberships_contains_paid_content":false,"footnotes":""},"categories":[2],"tags":[],"class_list":["post-54660","post","type-post","status-publish","format-standard","has-post-thumbnail","hentry","category-estado"],"jetpack_featured_media_url":"https:\/\/encuentroinformativo.com.mx\/wp-content\/uploads\/2024\/05\/IMG-20240520-WA0051.jpg","jetpack_sharing_enabled":true,"jetpack_likes_enabled":true,"amp_enabled":true,"_links":{"self":[{"href":"https:\/\/encuentroinformativo.com.mx\/index.php?rest_route=\/wp\/v2\/posts\/54660","targetHints":{"allow":["GET"]}}],"collection":[{"href":"https:\/\/encuentroinformativo.com.mx\/index.php?rest_route=\/wp\/v2\/posts"}],"about":[{"href":"https:\/\/encuentroinformativo.com.mx\/index.php?rest_route=\/wp\/v2\/types\/post"}],"author":[{"embeddable":true,"href":"https:\/\/encuentroinformativo.com.mx\/index.php?rest_route=\/wp\/v2\/users\/2476"}],"replies":[{"embeddable":true,"href":"https:\/\/encuentroinformativo.com.mx\/index.php?rest_route=%2Fwp%2Fv2%2Fcomments&post=54660"}],"version-history":[{"count":1,"href":"https:\/\/encuentroinformativo.com.mx\/index.php?rest_route=\/wp\/v2\/posts\/54660\/revisions"}],"predecessor-version":[{"id":54662,"href":"https:\/\/encuentroinformativo.com.mx\/index.php?rest_route=\/wp\/v2\/posts\/54660\/revisions\/54662"}],"wp:featuredmedia":[{"embeddable":true,"href":"https:\/\/encuentroinformativo.com.mx\/index.php?rest_route=\/wp\/v2\/media\/54661"}],"wp:attachment":[{"href":"https:\/\/encuentroinformativo.com.mx\/index.php?rest_route=%2Fwp%2Fv2%2Fmedia&parent=54660"}],"wp:term":[{"taxonomy":"category","embeddable":true,"href":"https:\/\/encuentroinformativo.com.mx\/index.php?rest_route=%2Fwp%2Fv2%2Fcategories&post=54660"},{"taxonomy":"post_tag","embeddable":true,"href":"https:\/\/encuentroinformativo.com.mx\/index.php?rest_route=%2Fwp%2Fv2%2Ftags&post=54660"}],"curies":[{"name":"wp","href":"https:\/\/api.w.org\/{rel}","templated":true}]}}