{"id":54675,"date":"2024-05-20T16:20:25","date_gmt":"2024-05-20T22:20:25","guid":{"rendered":"https:\/\/encuentroinformativo.com.mx\/?p=54675"},"modified":"2024-05-20T16:20:30","modified_gmt":"2024-05-20T22:20:30","slug":"cierran-mercado-de-poza-rica-y-obligan-a-locatarios-a-participar-en-marcha","status":"publish","type":"post","link":"https:\/\/encuentroinformativo.com.mx\/?p=54675","title":{"rendered":"Cierran mercado de Poza Rica y obligan a locatarios a participar en marcha"},"content":{"rendered":"\n<p><strong>Alejandro \u00c1vila<\/strong><\/p>\n\n\n\n<p>Poza Rica, Ver.- Decenas de locatarios del mercado de Poza Rica se vieron afectados por el cierre de esta Central de Abastos la ma\u00f1ana de este lunes.<\/p>\n\n\n\n<p>Varios de los afectados se\u00f1alaron que las instalaciones fueron cerradas por integrantes del Comit\u00e9 Directivo de la Uni\u00f3n de Comerciantes del Mercado de Poza Rica, pues estos los obligaron a participar en una marcha, presuntamente por la pr\u00f3xima instalaci\u00f3n de parqu\u00edmetros en el primer cuadro de la ciudad, aunado a ello, tambi\u00e9n solicitan regrese el sitio de taxis a las inmediaciones de la central de abastos.<\/p>\n\n\n\n<p>Desde temprana hora los vigilantes encargados de la seguridad del inmueble, impidieron que los locatarios ingresar\u00e1n a sus lugares de trabajo, pues afirmaron que, por instrucciones de la directiva, nadie pod\u00eda abrir sus locales.<\/p>\n\n\n\n<p>Aseveraron que las ventas en el mercado son sumamente bajas, por lo que cerrar el centro de abastos a las ventas, perjudica gravemente la actividad econ\u00f3mica de los comerciantes, que ya se encuentra sumamente afectada por la crisis econ\u00f3mica.<\/p>\n\n\n\n<p>Ciudadanos que acuden desde temprana hora a realizar sus compras, se quedaron sin poder acceder al mercado causando su molestia, y redirigiendode en su lugar a comprar sus productos en la periferia del mercado, donde abundan los comerciantes ambulantes, de los que se ha quejado constantemente la directiva del mercado.<\/p>\n\n\n\n<figure class=\"wp-block-image size-large\"><img loading=\"lazy\" decoding=\"async\" width=\"1024\" height=\"576\" src=\"https:\/\/encuentroinformativo.com.mx\/wp-content\/uploads\/2024\/05\/IMG-20240520-WA0124-1024x576.jpg\" alt=\"\" class=\"wp-image-54677\" srcset=\"https:\/\/encuentroinformativo.com.mx\/wp-content\/uploads\/2024\/05\/IMG-20240520-WA0124-1024x576.jpg 1024w, https:\/\/encuentroinformativo.com.mx\/wp-content\/uploads\/2024\/05\/IMG-20240520-WA0124-300x169.jpg 300w, https:\/\/encuentroinformativo.com.mx\/wp-content\/uploads\/2024\/05\/IMG-20240520-WA0124-768x432.jpg 768w, https:\/\/encuentroinformativo.com.mx\/wp-content\/uploads\/2024\/05\/IMG-20240520-WA0124-1536x864.jpg 1536w, https:\/\/encuentroinformativo.com.mx\/wp-content\/uploads\/2024\/05\/IMG-20240520-WA0124.jpg 1600w\" sizes=\"auto, (max-width: 1024px) 100vw, 1024px\" \/><\/figure>\n","protected":false},"excerpt":{"rendered":"<p>Alejandro \u00c1vila Poza Rica, Ver.- Decenas de locatarios del mercado de Poza Rica se vieron afectados por el cierre de esta Central de Abastos la ma\u00f1ana de este lunes. Varios de los afectados se\u00f1alaron que las instalaciones fueron cerradas por integrantes del Comit\u00e9 Directivo de la Uni\u00f3n de Comerciantes del Mercado de Poza Rica, pues [&hellip;]<\/p>\n","protected":false},"author":2476,"featured_media":54676,"comment_status":"open","ping_status":"open","sticky":false,"template":"","format":"standard","meta":{"_jetpack_memberships_contains_paid_content":false,"footnotes":""},"categories":[2],"tags":[],"class_list":["post-54675","post","type-post","status-publish","format-standard","has-post-thumbnail","hentry","category-estado"],"jetpack_featured_media_url":"https:\/\/encuentroinformativo.com.mx\/wp-content\/uploads\/2024\/05\/IMG-20240520-WA0123.jpg","jetpack_sharing_enabled":true,"jetpack_likes_enabled":true,"amp_enabled":true,"_links":{"self":[{"href":"https:\/\/encuentroinformativo.com.mx\/index.php?rest_route=\/wp\/v2\/posts\/54675","targetHints":{"allow":["GET"]}}],"collection":[{"href":"https:\/\/encuentroinformativo.com.mx\/index.php?rest_route=\/wp\/v2\/posts"}],"about":[{"href":"https:\/\/encuentroinformativo.com.mx\/index.php?rest_route=\/wp\/v2\/types\/post"}],"author":[{"embeddable":true,"href":"https:\/\/encuentroinformativo.com.mx\/index.php?rest_route=\/wp\/v2\/users\/2476"}],"replies":[{"embeddable":true,"href":"https:\/\/encuentroinformativo.com.mx\/index.php?rest_route=%2Fwp%2Fv2%2Fcomments&post=54675"}],"version-history":[{"count":1,"href":"https:\/\/encuentroinformativo.com.mx\/index.php?rest_route=\/wp\/v2\/posts\/54675\/revisions"}],"predecessor-version":[{"id":54678,"href":"https:\/\/encuentroinformativo.com.mx\/index.php?rest_route=\/wp\/v2\/posts\/54675\/revisions\/54678"}],"wp:featuredmedia":[{"embeddable":true,"href":"https:\/\/encuentroinformativo.com.mx\/index.php?rest_route=\/wp\/v2\/media\/54676"}],"wp:attachment":[{"href":"https:\/\/encuentroinformativo.com.mx\/index.php?rest_route=%2Fwp%2Fv2%2Fmedia&parent=54675"}],"wp:term":[{"taxonomy":"category","embeddable":true,"href":"https:\/\/encuentroinformativo.com.mx\/index.php?rest_route=%2Fwp%2Fv2%2Fcategories&post=54675"},{"taxonomy":"post_tag","embeddable":true,"href":"https:\/\/encuentroinformativo.com.mx\/index.php?rest_route=%2Fwp%2Fv2%2Ftags&post=54675"}],"curies":[{"name":"wp","href":"https:\/\/api.w.org\/{rel}","templated":true}]}}