{"id":54679,"date":"2024-05-20T16:24:29","date_gmt":"2024-05-20T22:24:29","guid":{"rendered":"https:\/\/encuentroinformativo.com.mx\/?p=54679"},"modified":"2024-05-20T16:24:34","modified_gmt":"2024-05-20T22:24:34","slug":"una-mujer-emanada-de-la-sociedad-civil-se-encargara-de-la-contraloria-pepe-yunes","status":"publish","type":"post","link":"https:\/\/encuentroinformativo.com.mx\/?p=54679","title":{"rendered":"Una mujer emanada de la sociedad civil se encargar\u00e1 de la Contralor\u00eda: Pepe Yunes"},"content":{"rendered":"\n<p><strong>Alejandro \u00c1vila<\/strong><\/p>\n\n\n\n<p>Veracruz, Ver.- Una mujer emanada de la sociedad civil ser\u00e1 quien se encargue de revisar las finanzas de la entidad a trav\u00e9s de la Contralor\u00eda General del Estado, confirm\u00f3 Jos\u00e9 Francisco Yunes Zorrilla, candidato a la gubernatura de por la alianza &#8220;Fuerza y Coraz\u00f3n por Veracruz&#8221;.<\/p>\n\n\n\n<p>Esta mujer, mencion\u00f3 en entrevista en la Ciudad de M\u00e9xico, ser\u00e1 propuesta por la sociedad civil y avalada por los Colegios de Contadores y de Finanzas de Veracruz, la cual tendr\u00e1 una independencia total para desempe\u00f1arse con total transparencia.<\/p>\n\n\n\n<p>\u201cEn Veracruz las mujeres son honestas y limpias, no son corruptas\u201d, y una de ellas se encargar\u00e1 de que se cumpla la rendici\u00f3n de cuentas y el castigo a la corrupci\u00f3n desde la Contralor\u00eda General del Estado&#8221;, expres\u00f3.<\/p>\n\n\n\n<p>Pepe Yunes, dijo que la voltereta que dio en las preferencias de los veracruzanos se debi\u00f3 a la unidad del frente opositor, pero sobre todo al hartazgo de la sociedad ante el mal gobierno de Cuitl\u00e1huac Garc\u00eda y, sobre todo, al desarraigo y muestras de corrupci\u00f3n de su contrincante, Roc\u00edo Nahle, quien adem\u00e1s, no conoce el estado de Veracruz.<\/p>\n\n\n\n<p>&#8220;En Veracruz hoy la gente est\u00e1 decidida por un cambio. No quieren m\u00e1s de lo mismo, quieren un gobierno cercano, con resultados, que les resuelva y eso es lo que nosotros representamos\u201d.<\/p>\n\n\n\n<p>Lament\u00f3 que el sentimiento que hay en las y los veracruzanos es de abandono a causa de un gobierno incompetente que fall\u00f3 gravemente a las veracruzanas y las dej\u00f3 sin protecci\u00f3n y seguridad, y dej\u00f3 a su suerte a los productores, a la industria, al comercio, al turismo y a los j\u00f3venes sin oportunidades, en un estado donde las carreteras se caen a pedazos y los hospitales y las escuelas est\u00e1n en condiciones deplorables.<\/p>\n\n\n\n<p>A esto sum\u00f3 que la candidata de Zacatecas, adem\u00e1s de desconocer Veracruz, no ha dado resultados, no le cumpli\u00f3 y traicion\u00f3 la confianza del Presidente al no terminar la refiner\u00eda de Dos Bocas y, en cambio, \u201cse dedic\u00f3 a llevarse dinero que se convirti\u00f3 en muchas casas\u201d.<\/p>\n\n\n\n<p>Advirti\u00f3 que el crimen organizado tiene presencia y control en muchas zonas del estado de Veracruz ante la complacencia y ausencia del gobierno y \u201cesperamos que no sea factor el d\u00eda de la elecci\u00f3n\u201d; m\u00e1s aun, \u201cnotamos con m\u00e1s preocupaci\u00f3n la intervenci\u00f3n del gobierno tratando de incidir en beneficio de sus candidatos y de su partido\u201d.<\/p>\n\n\n\n<p>De acuerdo con el candidato, las constantes visitas del presidente L\u00f3pez Obrador y de la candidata Claudia Sheinbaum a Veracruz tienen como prop\u00f3sito \u201cevitar que Morena se desfonde en Veracruz\u201d como consecuencia de los malos resultados del gobierno y del mal desempe\u00f1o de la candidata.<\/p>\n\n\n\n<p>Finalmente, dijo que en 30 a\u00f1os de trayectoria no tiene un solo se\u00f1alamiento de corrupci\u00f3n porque desde el principio cuid\u00f3 ser siempre honesto y se prepar\u00f3 para ser profesional, dar resultados en gesti\u00f3n y obra como alcalde y legislador local y federal en los 212 municipios de la entidad y encabezar un gobierno eficaz. \u201cEstoy aqu\u00ed por vocaci\u00f3n. Desde que tengo uso de raz\u00f3n, me prepar\u00e9 para dedicarme al servicio p\u00fablico\u201d, afirm\u00f3.<\/p>\n","protected":false},"excerpt":{"rendered":"<p>Alejandro \u00c1vila Veracruz, Ver.- Una mujer emanada de la sociedad civil ser\u00e1 quien se encargue de revisar las finanzas de la entidad a trav\u00e9s de la Contralor\u00eda General del Estado, confirm\u00f3 Jos\u00e9 Francisco Yunes Zorrilla, candidato a la gubernatura de por la alianza &#8220;Fuerza y Coraz\u00f3n por Veracruz&#8221;. Esta mujer, mencion\u00f3 en entrevista en la [&hellip;]<\/p>\n","protected":false},"author":2476,"featured_media":54680,"comment_status":"open","ping_status":"open","sticky":false,"template":"","format":"standard","meta":{"_jetpack_memberships_contains_paid_content":false,"footnotes":""},"categories":[2],"tags":[],"class_list":["post-54679","post","type-post","status-publish","format-standard","has-post-thumbnail","hentry","category-estado"],"jetpack_featured_media_url":"https:\/\/encuentroinformativo.com.mx\/wp-content\/uploads\/2024\/05\/IMG-20240520-WA0165.jpg","jetpack_sharing_enabled":true,"jetpack_likes_enabled":true,"amp_enabled":true,"_links":{"self":[{"href":"https:\/\/encuentroinformativo.com.mx\/index.php?rest_route=\/wp\/v2\/posts\/54679","targetHints":{"allow":["GET"]}}],"collection":[{"href":"https:\/\/encuentroinformativo.com.mx\/index.php?rest_route=\/wp\/v2\/posts"}],"about":[{"href":"https:\/\/encuentroinformativo.com.mx\/index.php?rest_route=\/wp\/v2\/types\/post"}],"author":[{"embeddable":true,"href":"https:\/\/encuentroinformativo.com.mx\/index.php?rest_route=\/wp\/v2\/users\/2476"}],"replies":[{"embeddable":true,"href":"https:\/\/encuentroinformativo.com.mx\/index.php?rest_route=%2Fwp%2Fv2%2Fcomments&post=54679"}],"version-history":[{"count":1,"href":"https:\/\/encuentroinformativo.com.mx\/index.php?rest_route=\/wp\/v2\/posts\/54679\/revisions"}],"predecessor-version":[{"id":54681,"href":"https:\/\/encuentroinformativo.com.mx\/index.php?rest_route=\/wp\/v2\/posts\/54679\/revisions\/54681"}],"wp:featuredmedia":[{"embeddable":true,"href":"https:\/\/encuentroinformativo.com.mx\/index.php?rest_route=\/wp\/v2\/media\/54680"}],"wp:attachment":[{"href":"https:\/\/encuentroinformativo.com.mx\/index.php?rest_route=%2Fwp%2Fv2%2Fmedia&parent=54679"}],"wp:term":[{"taxonomy":"category","embeddable":true,"href":"https:\/\/encuentroinformativo.com.mx\/index.php?rest_route=%2Fwp%2Fv2%2Fcategories&post=54679"},{"taxonomy":"post_tag","embeddable":true,"href":"https:\/\/encuentroinformativo.com.mx\/index.php?rest_route=%2Fwp%2Fv2%2Ftags&post=54679"}],"curies":[{"name":"wp","href":"https:\/\/api.w.org\/{rel}","templated":true}]}}