{"id":54682,"date":"2024-05-20T16:28:20","date_gmt":"2024-05-20T22:28:20","guid":{"rendered":"https:\/\/encuentroinformativo.com.mx\/?p=54682"},"modified":"2024-05-20T16:28:28","modified_gmt":"2024-05-20T22:28:28","slug":"familiares-de-campesinos-desaparecidos-de-actopan-se-manifestaron-en-fiscalia-regional","status":"publish","type":"post","link":"https:\/\/encuentroinformativo.com.mx\/?p=54682","title":{"rendered":"Familiares de campesinos desaparecidos de Actopan se manifestaron en Fiscal\u00eda Regional"},"content":{"rendered":"\n<p><strong>Alejandro \u00c1vila<\/strong><\/p>\n\n\n\n<p>Veracruz, Ver.- La ma\u00f1ana de este lunes, nuevamente los familiares de los campesinos de Actopan desaparecidos afuera de la Fiscal\u00eda Regional de Playa Linda en la ciudad de Veracruz se manifestaron, en esta ocasi\u00f3n, en las oficinas ubicadas en la zona de Las Bajadas.<\/p>\n\n\n\n<p>Los quejosos piden a la FGE avances en la investigaci\u00f3n, ya que consideran los tr\u00e1mites se encuentran varados, y ellos continuan con la incertidumbre del paradero de sus familiares desde hace 3 meses.<\/p>\n\n\n\n<p>\u201cFiscal\u00eda hasta el d\u00eda de hoy no nos ha tenido una respuesta concreta, nom\u00e1s nos dicen que est\u00e1n investigando, investigaci\u00f3n e investigaci\u00f3n e investigaci\u00f3n, no llegan en concreto a que ha pasado con ellos y estamos angustiados,<\/p>\n\n\n\n<p>\u201cQueremos saber que ha pasado con nuestros familiares, que ha pasado en realidad porque no sabemos nada, ahora solo nos dijeron que est\u00e1n investigando, es lo que nos han dicho estos tres meses, a trav\u00e9s de mentiras as\u00ed nos traen nada m\u00e1s\u201d, se\u00f1al\u00f3 Jimmy Alexander Montiel Santamar\u00eda.<\/p>\n\n\n\n<p>Lorenzo Ortiz B\u00e1ez, Jos\u00e9 Juan Montiel Cervantes, David Hernandez Aguilar, Jes\u00fas Cervantes Grajales y Rafael Montiel Cervantes, todos ellos compa\u00f1eros ejidatarios de la localidad de Santa Rosa, desaparecieron el pasado 15 de febrero.<\/p>\n\n\n\n<p>Los familiares se\u00f1alaron que ya han recibido numerosas llamadas para extorsionarlos y otras m\u00e1s para amenazarlos hasta de muerte para que dejen de buscarlos, adem\u00e1s que ni la Fiscal\u00eda ni la SSP les ha brindado la protecci\u00f3n que han solicitado.<\/p>\n\n\n\n<p>\u201cLe estamos pidiendo al gobernador, por favor se lo pedimos con todo nuestro coraz\u00f3n, que esta b\u00fasqueda sea r\u00e1pida, porque ya son tres meses y sin respuesta, tres meses que estamos sufiendo, porque no es f\u00e1cil esta pues yo digo esta prueba tan grande.<\/p>\n\n\n\n<p>\u201cTodos los d\u00edas nos levantamos, preguntamos &lt;&gt; son muchos sentimientos que tenemos, porque pues es mi esposo y se siente horrible vivir esta cosa, pero le estamos pidiendo al gobernador por favor que dios toque su coraz\u00f3n y que se nos haga justicia\u201d, manifest\u00f3 Liliana Santamar\u00eda Le\u00f3n, esposa de Rafael Montiel Cervantes.<\/p>\n\n\n\n<p>Los cinco hab\u00edan acudido a declarar a la Fiscal\u00eda debido a que fueron denunciados por el delito de despojo por un terrateniente con quien han tenido una disputa legal por varias hect\u00e1reas de tierra para cultivo.<\/p>\n\n\n\n<p>En un receso todos ellos fueron aparentemente privados de su libertad en las inmediaciones del inmueble y pese a que han insistido en que revisen las c\u00e1maras, les indicaron que muchas no serv\u00edan en ese momento.<\/p>\n\n\n\n<p>Los tribunales agrarios le ha dado a la raz\u00f3n a los 48 ejidatarios de Santa Rosa para que puedan labrar los terrenos, sin embargo, un particular ha pretendido arrebat\u00e1rselas a como de lugar mediante el uso de la violencia.<\/p>\n\n\n\n<p>Los pobladores de dicha localidad de Actopan temen por sus vidas, pues si pudieron desaparecer a cinco de ellos en una ciudad como Veracruz a plena luz del d\u00eda, sienten que pueden hacerlo en una congregaci\u00f3n peque\u00f1a como la que habitan donde hay a\u00fan menos vigilancia.<\/p>\n\n\n\n<figure class=\"wp-block-image size-large\"><img loading=\"lazy\" decoding=\"async\" width=\"1024\" height=\"768\" src=\"https:\/\/encuentroinformativo.com.mx\/wp-content\/uploads\/2024\/05\/IMG-20240520-WA0142-1024x768.jpg\" alt=\"\" class=\"wp-image-54684\" srcset=\"https:\/\/encuentroinformativo.com.mx\/wp-content\/uploads\/2024\/05\/IMG-20240520-WA0142-1024x768.jpg 1024w, https:\/\/encuentroinformativo.com.mx\/wp-content\/uploads\/2024\/05\/IMG-20240520-WA0142-300x225.jpg 300w, https:\/\/encuentroinformativo.com.mx\/wp-content\/uploads\/2024\/05\/IMG-20240520-WA0142-768x576.jpg 768w, https:\/\/encuentroinformativo.com.mx\/wp-content\/uploads\/2024\/05\/IMG-20240520-WA0142-1536x1152.jpg 1536w, https:\/\/encuentroinformativo.com.mx\/wp-content\/uploads\/2024\/05\/IMG-20240520-WA0142.jpg 1600w\" sizes=\"auto, (max-width: 1024px) 100vw, 1024px\" \/><\/figure>\n","protected":false},"excerpt":{"rendered":"<p>Alejandro \u00c1vila Veracruz, Ver.- La ma\u00f1ana de este lunes, nuevamente los familiares de los campesinos de Actopan desaparecidos afuera de la Fiscal\u00eda Regional de Playa Linda en la ciudad de Veracruz se manifestaron, en esta ocasi\u00f3n, en las oficinas ubicadas en la zona de Las Bajadas. Los quejosos piden a la FGE avances en la [&hellip;]<\/p>\n","protected":false},"author":2476,"featured_media":54683,"comment_status":"open","ping_status":"open","sticky":false,"template":"","format":"standard","meta":{"_jetpack_memberships_contains_paid_content":false,"footnotes":""},"categories":[8],"tags":[],"class_list":["post-54682","post","type-post","status-publish","format-standard","has-post-thumbnail","hentry","category-region"],"jetpack_featured_media_url":"https:\/\/encuentroinformativo.com.mx\/wp-content\/uploads\/2024\/05\/IMG-20240520-WA0145.jpg","jetpack_sharing_enabled":true,"jetpack_likes_enabled":true,"amp_enabled":true,"_links":{"self":[{"href":"https:\/\/encuentroinformativo.com.mx\/index.php?rest_route=\/wp\/v2\/posts\/54682","targetHints":{"allow":["GET"]}}],"collection":[{"href":"https:\/\/encuentroinformativo.com.mx\/index.php?rest_route=\/wp\/v2\/posts"}],"about":[{"href":"https:\/\/encuentroinformativo.com.mx\/index.php?rest_route=\/wp\/v2\/types\/post"}],"author":[{"embeddable":true,"href":"https:\/\/encuentroinformativo.com.mx\/index.php?rest_route=\/wp\/v2\/users\/2476"}],"replies":[{"embeddable":true,"href":"https:\/\/encuentroinformativo.com.mx\/index.php?rest_route=%2Fwp%2Fv2%2Fcomments&post=54682"}],"version-history":[{"count":1,"href":"https:\/\/encuentroinformativo.com.mx\/index.php?rest_route=\/wp\/v2\/posts\/54682\/revisions"}],"predecessor-version":[{"id":54685,"href":"https:\/\/encuentroinformativo.com.mx\/index.php?rest_route=\/wp\/v2\/posts\/54682\/revisions\/54685"}],"wp:featuredmedia":[{"embeddable":true,"href":"https:\/\/encuentroinformativo.com.mx\/index.php?rest_route=\/wp\/v2\/media\/54683"}],"wp:attachment":[{"href":"https:\/\/encuentroinformativo.com.mx\/index.php?rest_route=%2Fwp%2Fv2%2Fmedia&parent=54682"}],"wp:term":[{"taxonomy":"category","embeddable":true,"href":"https:\/\/encuentroinformativo.com.mx\/index.php?rest_route=%2Fwp%2Fv2%2Fcategories&post=54682"},{"taxonomy":"post_tag","embeddable":true,"href":"https:\/\/encuentroinformativo.com.mx\/index.php?rest_route=%2Fwp%2Fv2%2Ftags&post=54682"}],"curies":[{"name":"wp","href":"https:\/\/api.w.org\/{rel}","templated":true}]}}