{"id":54694,"date":"2024-05-21T09:45:04","date_gmt":"2024-05-21T15:45:04","guid":{"rendered":"https:\/\/encuentroinformativo.com.mx\/?p=54694"},"modified":"2024-05-21T11:15:05","modified_gmt":"2024-05-21T17:15:05","slug":"ciudadanos-de-purga-amenazan-con-tomar-el-palacio-municipal-llevan-tres-meses-sin-agua","status":"publish","type":"post","link":"https:\/\/encuentroinformativo.com.mx\/?p=54694","title":{"rendered":"Ciudadanos de Purga amenazan con tomar el palacio municipal; llevan tres meses sin agua"},"content":{"rendered":"\n<p><strong>Redacci\u00f3n<\/strong> <\/p>\n\n\n\n<p>Manlio Fabio Altamirano, Ver.- Se registr\u00f3 una manifestaci\u00f3n ciudadana frente al palacio municipal de Manlio Fabio Altamirano por falta de agua en Felipe Carrillo Puerto, tres meses sin ella; las autoridades locales aseguraron que es una situaci\u00f3n realmente preocupante la que enfrenta la comunidad. Sin embargo, al parecer, esta problem\u00e1tica no se limita \u00fanicamente a esta localidad, sino que afecta a otras comunidades cercanas.<\/p>\n\n\n\n<p>Los denunciantes se\u00f1alaron que las consecuencias de esta escasez la han sufrido especialmente los ni\u00f1os y adultos mayores, quienes han padecido enfermedades relacionadas con la falta de higiene y consumo de agua no portable.<\/p>\n\n\n\n<p>La paciencia de los ciudadanos se agota, por lo que han amenazado con tomar el palacio municipal si no ven resultados concretos. Afirmaron que esta no es la primera vez que acuden a las autoridades en busca de claridad y soluci\u00f3n, pero hasta el momento no han obtenido respuestas satisfactorias.<\/p>\n\n\n\n<p>Por su parte, el s\u00edndico \u00fanico del ayuntamiento, Benjam\u00edn Torres Hern\u00e1ndez, expres\u00f3 que existe compromiso por parte de la alcaldesa Ana Arrieta por buscar soluciones para esta dif\u00edcil situaci\u00f3n, por lo que se entrevist\u00f3 con los manifestantes durante este plant\u00f3n frente al palacio municipal.<\/p>\n\n\n\n<p>Se\u00f1al\u00f3 que se est\u00e1 trabajando en la planeaci\u00f3n de la construcci\u00f3n de un pozo, por lo que ya se han iniciado los tr\u00e1mites ante Conagua para gestionar una respuesta inmediata. Sin embargo, reconoci\u00f3 la comprensible frustraci\u00f3n de los ciudadanos ante la falta de resultados inmediatos, pues llevan tres meses sin agua en sus hogares.<\/p>\n\n\n\n<p>Benjam\u00edn Torres precis\u00f3 que, as\u00ed como Felipe Carrillo Puerto, tambi\u00e9n enfrentaron una severa crisis de abastecimiento en localidades vecinas como Portezuelos y \u00darsulo Galv\u00e1n. Dijo que ah\u00ed se dieron resultados positivos en estas comunidades, por lo que inform\u00f3 que ya se est\u00e1 trabajando en la construcci\u00f3n de un nuevo pozo en Carrillo, pues sus condiciones ya no son las mejores para atender a toda la poblaci\u00f3n. Los tr\u00e1mites necesarios ante la Comisi\u00f3n Nacional del Agua (Conagua) se han iniciado para gestionar una respuesta r\u00e1pida a la crisis.<\/p>\n\n\n\n<p>El s\u00edndico dijo que se han detectado problemas en los pozos de varias localidades de Manlio Fabio Altamirano en los que se han identificado la necesidad de cambiar el equipo de bombeo y\/o adecuar la instalaci\u00f3n el\u00e9ctrica. Adem\u00e1s, algunos enfrentan el problema adicional de la variaci\u00f3n de voltaje, especialmente en una \u00e9poca donde la demanda de energ\u00eda es alta.<\/p>\n\n\n\n<p>Precis\u00f3 que los sistemas de abastecimiento de agua, que datan de hace al menos 30 a\u00f1os, requieren una actualizaci\u00f3n urgente. Mientras tanto, la administraci\u00f3n municipal ha solicitado paciencia a los ciudadanos y ha hecho un llamado a la responsabilidad c\u00edvica, destacando que tambi\u00e9n existe un rezago importante en el pago del servicio de agua, con algunos habitantes que no han pagado desde el 2019, y m\u00e1s.<\/p>\n\n\n\n<p>Dijo que la crisis del agua en esta regi\u00f3n no solo pone de manifiesto la necesidad de infraestructura adecuada y mantenimiento por parte de las autoridades, sino tambi\u00e9n la importancia de la colaboraci\u00f3n ciudadana para superar los desaf\u00edos actuales y futuros en la gesti\u00f3n de un mejoramiento en el abastecimiento del recurso de agua.<\/p>\n\n\n\n<figure class=\"wp-block-image size-large\"><img loading=\"lazy\" decoding=\"async\" width=\"1024\" height=\"768\" src=\"https:\/\/encuentroinformativo.com.mx\/wp-content\/uploads\/2024\/05\/IMG-20240521-WA0016-1024x768.jpg\" alt=\"\" class=\"wp-image-54696\" srcset=\"https:\/\/encuentroinformativo.com.mx\/wp-content\/uploads\/2024\/05\/IMG-20240521-WA0016-1024x768.jpg 1024w, https:\/\/encuentroinformativo.com.mx\/wp-content\/uploads\/2024\/05\/IMG-20240521-WA0016-300x225.jpg 300w, https:\/\/encuentroinformativo.com.mx\/wp-content\/uploads\/2024\/05\/IMG-20240521-WA0016-768x576.jpg 768w, https:\/\/encuentroinformativo.com.mx\/wp-content\/uploads\/2024\/05\/IMG-20240521-WA0016.jpg 1280w\" sizes=\"auto, (max-width: 1024px) 100vw, 1024px\" \/><\/figure>\n","protected":false},"excerpt":{"rendered":"<p>Redacci\u00f3n Manlio Fabio Altamirano, Ver.- Se registr\u00f3 una manifestaci\u00f3n ciudadana frente al palacio municipal de Manlio Fabio Altamirano por falta de agua en Felipe Carrillo Puerto, tres meses sin ella; las autoridades locales aseguraron que es una situaci\u00f3n realmente preocupante la que enfrenta la comunidad. Sin embargo, al parecer, esta problem\u00e1tica no se limita \u00fanicamente [&hellip;]<\/p>\n","protected":false},"author":2476,"featured_media":54695,"comment_status":"open","ping_status":"open","sticky":false,"template":"","format":"standard","meta":{"_jetpack_memberships_contains_paid_content":false,"footnotes":""},"categories":[2],"tags":[],"class_list":["post-54694","post","type-post","status-publish","format-standard","has-post-thumbnail","hentry","category-estado"],"jetpack_featured_media_url":"https:\/\/encuentroinformativo.com.mx\/wp-content\/uploads\/2024\/05\/IMG-20240521-WA0014.jpg","jetpack_sharing_enabled":true,"jetpack_likes_enabled":true,"amp_enabled":true,"_links":{"self":[{"href":"https:\/\/encuentroinformativo.com.mx\/index.php?rest_route=\/wp\/v2\/posts\/54694","targetHints":{"allow":["GET"]}}],"collection":[{"href":"https:\/\/encuentroinformativo.com.mx\/index.php?rest_route=\/wp\/v2\/posts"}],"about":[{"href":"https:\/\/encuentroinformativo.com.mx\/index.php?rest_route=\/wp\/v2\/types\/post"}],"author":[{"embeddable":true,"href":"https:\/\/encuentroinformativo.com.mx\/index.php?rest_route=\/wp\/v2\/users\/2476"}],"replies":[{"embeddable":true,"href":"https:\/\/encuentroinformativo.com.mx\/index.php?rest_route=%2Fwp%2Fv2%2Fcomments&post=54694"}],"version-history":[{"count":1,"href":"https:\/\/encuentroinformativo.com.mx\/index.php?rest_route=\/wp\/v2\/posts\/54694\/revisions"}],"predecessor-version":[{"id":54697,"href":"https:\/\/encuentroinformativo.com.mx\/index.php?rest_route=\/wp\/v2\/posts\/54694\/revisions\/54697"}],"wp:featuredmedia":[{"embeddable":true,"href":"https:\/\/encuentroinformativo.com.mx\/index.php?rest_route=\/wp\/v2\/media\/54695"}],"wp:attachment":[{"href":"https:\/\/encuentroinformativo.com.mx\/index.php?rest_route=%2Fwp%2Fv2%2Fmedia&parent=54694"}],"wp:term":[{"taxonomy":"category","embeddable":true,"href":"https:\/\/encuentroinformativo.com.mx\/index.php?rest_route=%2Fwp%2Fv2%2Fcategories&post=54694"},{"taxonomy":"post_tag","embeddable":true,"href":"https:\/\/encuentroinformativo.com.mx\/index.php?rest_route=%2Fwp%2Fv2%2Ftags&post=54694"}],"curies":[{"name":"wp","href":"https:\/\/api.w.org\/{rel}","templated":true}]}}