{"id":54702,"date":"2024-05-21T11:38:38","date_gmt":"2024-05-21T17:38:38","guid":{"rendered":"https:\/\/encuentroinformativo.com.mx\/?p=54702"},"modified":"2024-05-21T11:38:44","modified_gmt":"2024-05-21T17:38:44","slug":"claudia-sheinbaum-y-xochitl-galvez-haran-cierres-en-veracruz","status":"publish","type":"post","link":"https:\/\/encuentroinformativo.com.mx\/?p=54702","title":{"rendered":"Claudia Sheinbaum y X\u00f3chitl G\u00e1lvez har\u00e1n cierres en Veracruz"},"content":{"rendered":"\n<p><strong>Alejandro \u00c1vila<\/strong><\/p>\n\n\n\n<p>Veracruz, Ver.- Las candidatas a la presidencia de M\u00e9xico, Claudia Sheinbaum Pardo y X\u00f3chitl G\u00e1lvez Ruiz, har\u00e1n cierres de campa\u00f1a en el Estado de Veracruz el pr\u00f3ximo fin de semana.<\/p>\n\n\n\n<p>La abanderada de la alianza &#8220;Sigamos Haciendo Historia&#8221;, Claudia Sheinbaum, se presentar\u00e1 el pr\u00f3ximo s\u00e1bado 25 de mayo en la Plaza Lerdo de la ciudad de Xalapa a las 10:30 de la ma\u00f1ana; en dicho evento estar\u00e1 acompa\u00f1ada de la candidata a la gubernatura, Roc\u00edo Nahle.<\/p>\n\n\n\n<p>Por su parte, la candidata de la alianza &#8220;Fuerza y Coraz\u00f3n por M\u00e9xico&#8221;, X\u00f3chitl G\u00e1lvez Ruiz, tendr\u00e1 su cierre de campa\u00f1a el pr\u00f3ximo domingo 26 de mayo en la ciudad de Coatzacoalcos en punto de las 3:30 de la tarde; donde estar\u00e1 acompa\u00f1ada del aspirante a la gubernatura de Veracruz, Jos\u00e9 Francisco Yunes Zorrilla.<\/p>\n\n\n\n<p>A poco menos de 15 d\u00edas de la elecci\u00f3n del 2 de junio, las 2 candidatas que lideran las preferencias de los mexicanos se presentar\u00e1n en Veracruz, uno de los tres Estados con mayor Lista Nominal y Padr\u00f3n Electoral.<\/p>\n","protected":false},"excerpt":{"rendered":"<p>Alejandro \u00c1vila Veracruz, Ver.- Las candidatas a la presidencia de M\u00e9xico, Claudia Sheinbaum Pardo y X\u00f3chitl G\u00e1lvez Ruiz, har\u00e1n cierres de campa\u00f1a en el Estado de Veracruz el pr\u00f3ximo fin de semana. La abanderada de la alianza &#8220;Sigamos Haciendo Historia&#8221;, Claudia Sheinbaum, se presentar\u00e1 el pr\u00f3ximo s\u00e1bado 25 de mayo en la Plaza Lerdo de [&hellip;]<\/p>\n","protected":false},"author":2476,"featured_media":54703,"comment_status":"open","ping_status":"open","sticky":false,"template":"","format":"standard","meta":{"_jetpack_memberships_contains_paid_content":false,"footnotes":""},"categories":[2],"tags":[],"class_list":["post-54702","post","type-post","status-publish","format-standard","has-post-thumbnail","hentry","category-estado"],"jetpack_featured_media_url":"https:\/\/encuentroinformativo.com.mx\/wp-content\/uploads\/2024\/05\/IMG-20240521-WA0040.jpg","jetpack_sharing_enabled":true,"jetpack_likes_enabled":true,"amp_enabled":true,"_links":{"self":[{"href":"https:\/\/encuentroinformativo.com.mx\/index.php?rest_route=\/wp\/v2\/posts\/54702","targetHints":{"allow":["GET"]}}],"collection":[{"href":"https:\/\/encuentroinformativo.com.mx\/index.php?rest_route=\/wp\/v2\/posts"}],"about":[{"href":"https:\/\/encuentroinformativo.com.mx\/index.php?rest_route=\/wp\/v2\/types\/post"}],"author":[{"embeddable":true,"href":"https:\/\/encuentroinformativo.com.mx\/index.php?rest_route=\/wp\/v2\/users\/2476"}],"replies":[{"embeddable":true,"href":"https:\/\/encuentroinformativo.com.mx\/index.php?rest_route=%2Fwp%2Fv2%2Fcomments&post=54702"}],"version-history":[{"count":1,"href":"https:\/\/encuentroinformativo.com.mx\/index.php?rest_route=\/wp\/v2\/posts\/54702\/revisions"}],"predecessor-version":[{"id":54704,"href":"https:\/\/encuentroinformativo.com.mx\/index.php?rest_route=\/wp\/v2\/posts\/54702\/revisions\/54704"}],"wp:featuredmedia":[{"embeddable":true,"href":"https:\/\/encuentroinformativo.com.mx\/index.php?rest_route=\/wp\/v2\/media\/54703"}],"wp:attachment":[{"href":"https:\/\/encuentroinformativo.com.mx\/index.php?rest_route=%2Fwp%2Fv2%2Fmedia&parent=54702"}],"wp:term":[{"taxonomy":"category","embeddable":true,"href":"https:\/\/encuentroinformativo.com.mx\/index.php?rest_route=%2Fwp%2Fv2%2Fcategories&post=54702"},{"taxonomy":"post_tag","embeddable":true,"href":"https:\/\/encuentroinformativo.com.mx\/index.php?rest_route=%2Fwp%2Fv2%2Ftags&post=54702"}],"curies":[{"name":"wp","href":"https:\/\/api.w.org\/{rel}","templated":true}]}}