{"id":54705,"date":"2024-05-21T13:09:39","date_gmt":"2024-05-21T19:09:39","guid":{"rendered":"https:\/\/encuentroinformativo.com.mx\/?p=54705"},"modified":"2024-05-21T13:09:46","modified_gmt":"2024-05-21T19:09:46","slug":"trabajadores-del-issste-denuncian-abusos-laborales","status":"publish","type":"post","link":"https:\/\/encuentroinformativo.com.mx\/?p=54705","title":{"rendered":"Trabajadores del ISSSTE denuncian abusos laborales"},"content":{"rendered":"\n<p><strong>Juan Arcos <\/strong><\/p>\n\n\n\n<p>Xalapa, Ver.- Un peque\u00f1o grupo de sindicalizados protest\u00f3 frente a la delegaci\u00f3n estatal del Instituto de Seguridad y Servicios Sociales de los Trabajadores del Estado (ISSSTE), en la ciudad de Xalapa, para exigir que sean respetados sus derechos laborales.<\/p>\n\n\n\n<p>Se trata de integrantes del Sindicato Nacional Aut\u00e9ntico y Democr\u00e1tico de los Trabajadores del ISSSTE (Snadetissste), quienes bloquearon la avenida Xalapa, donde algunos de los afectados se recostaron sobre el paso vehicular.<\/p>\n\n\n\n<p>Las personas mostraron lonas y pancartas frente a la delegaci\u00f3n, para denunciar que han sido v\u00edctimas de acoso laboral por parte de los directivos en Xalapa, Poza Rica y Orizaba.<\/p>\n\n\n\n<p>Los m\u00e9dicos, qu\u00edmicos, enfermeras y dem\u00e1s trabajadores acusaron que les niegan d\u00edas de descanso. Adem\u00e1s, indicaron que les entregan uniformes incompletos, rotos y sucios.<\/p>\n\n\n\n<p>De acuerdo con Olivia Guti\u00e9rrez Villegas, secretaria general del dicha organizaci\u00f3n sindical, los trabajadores est\u00e1n siendo acosados y discriminados sindicalmente por las autoridades del ISSSTE.<\/p>\n\n\n\n<p>La entrevistada indic\u00f3 que a su compa\u00f1ero Jacinto Ortigoza Briones lo cambiaron de \u00e1rea de trabajo de manera arbitraria en Xalapa, violentando sus derechos laborales.<\/p>\n\n\n\n<p>\u201cLa subdelegada de prestaciones y pensiones, que lo cambi\u00f3 de actividad arbitrariamente violando las condiciones generales de trabajo, sin respetar una trayectoria de m\u00e1s de 37 a\u00f1os de antig\u00fcedad\u201d.<\/p>\n\n\n\n<p>Olivia Guti\u00e9rrez exigi\u00f3 que se rescinda el contrato del director del ISSSTE en Poza Rica, Fernando Espinosa G\u00f3mez, a quien se\u00f1ala de acoso contra dos de sus compa\u00f1eras.<\/p>\n\n\n\n<p>&#8220;Que el director de Poza Rica sea rescindido por los problemas que ha causado durante todos estos a\u00f1os y que ahorita est\u00e1 acosando mucho a dos compa\u00f1eras. Estamos solicitando respeto a los suplentes, porque en la cl\u00ednica Xalapa existe un qu\u00edmico que acosa a los suplentes laboralmente\u201d, a\u00f1adi\u00f3.<\/p>\n\n\n\n<p>Los quejosos tambi\u00e9n demandaron la entrega de las p\u00f3lizas para los trabajadores jubilados del ISSSTE.<\/p>\n\n\n\n<figure class=\"wp-block-image size-large\"><img loading=\"lazy\" decoding=\"async\" width=\"1024\" height=\"768\" src=\"https:\/\/encuentroinformativo.com.mx\/wp-content\/uploads\/2024\/05\/IMG_6811-1024x768.jpg\" alt=\"\" class=\"wp-image-54707\" srcset=\"https:\/\/encuentroinformativo.com.mx\/wp-content\/uploads\/2024\/05\/IMG_6811-1024x768.jpg 1024w, https:\/\/encuentroinformativo.com.mx\/wp-content\/uploads\/2024\/05\/IMG_6811-300x225.jpg 300w, https:\/\/encuentroinformativo.com.mx\/wp-content\/uploads\/2024\/05\/IMG_6811-768x576.jpg 768w, https:\/\/encuentroinformativo.com.mx\/wp-content\/uploads\/2024\/05\/IMG_6811-1536x1152.jpg 1536w, https:\/\/encuentroinformativo.com.mx\/wp-content\/uploads\/2024\/05\/IMG_6811.jpg 2016w\" sizes=\"auto, (max-width: 1024px) 100vw, 1024px\" \/><\/figure>\n","protected":false},"excerpt":{"rendered":"<p>Juan Arcos Xalapa, Ver.- Un peque\u00f1o grupo de sindicalizados protest\u00f3 frente a la delegaci\u00f3n estatal del Instituto de Seguridad y Servicios Sociales de los Trabajadores del Estado (ISSSTE), en la ciudad de Xalapa, para exigir que sean respetados sus derechos laborales. Se trata de integrantes del Sindicato Nacional Aut\u00e9ntico y Democr\u00e1tico de los Trabajadores del [&hellip;]<\/p>\n","protected":false},"author":2476,"featured_media":54706,"comment_status":"open","ping_status":"open","sticky":false,"template":"","format":"standard","meta":{"_jetpack_memberships_contains_paid_content":false,"footnotes":""},"categories":[9],"tags":[],"class_list":["post-54705","post","type-post","status-publish","format-standard","has-post-thumbnail","hentry","category-salud"],"jetpack_featured_media_url":"https:\/\/encuentroinformativo.com.mx\/wp-content\/uploads\/2024\/05\/IMG_6784.jpg","jetpack_sharing_enabled":true,"jetpack_likes_enabled":true,"amp_enabled":true,"_links":{"self":[{"href":"https:\/\/encuentroinformativo.com.mx\/index.php?rest_route=\/wp\/v2\/posts\/54705","targetHints":{"allow":["GET"]}}],"collection":[{"href":"https:\/\/encuentroinformativo.com.mx\/index.php?rest_route=\/wp\/v2\/posts"}],"about":[{"href":"https:\/\/encuentroinformativo.com.mx\/index.php?rest_route=\/wp\/v2\/types\/post"}],"author":[{"embeddable":true,"href":"https:\/\/encuentroinformativo.com.mx\/index.php?rest_route=\/wp\/v2\/users\/2476"}],"replies":[{"embeddable":true,"href":"https:\/\/encuentroinformativo.com.mx\/index.php?rest_route=%2Fwp%2Fv2%2Fcomments&post=54705"}],"version-history":[{"count":1,"href":"https:\/\/encuentroinformativo.com.mx\/index.php?rest_route=\/wp\/v2\/posts\/54705\/revisions"}],"predecessor-version":[{"id":54708,"href":"https:\/\/encuentroinformativo.com.mx\/index.php?rest_route=\/wp\/v2\/posts\/54705\/revisions\/54708"}],"wp:featuredmedia":[{"embeddable":true,"href":"https:\/\/encuentroinformativo.com.mx\/index.php?rest_route=\/wp\/v2\/media\/54706"}],"wp:attachment":[{"href":"https:\/\/encuentroinformativo.com.mx\/index.php?rest_route=%2Fwp%2Fv2%2Fmedia&parent=54705"}],"wp:term":[{"taxonomy":"category","embeddable":true,"href":"https:\/\/encuentroinformativo.com.mx\/index.php?rest_route=%2Fwp%2Fv2%2Fcategories&post=54705"},{"taxonomy":"post_tag","embeddable":true,"href":"https:\/\/encuentroinformativo.com.mx\/index.php?rest_route=%2Fwp%2Fv2%2Ftags&post=54705"}],"curies":[{"name":"wp","href":"https:\/\/api.w.org\/{rel}","templated":true}]}}