{"id":5471,"date":"2020-09-02T16:31:43","date_gmt":"2020-09-02T21:31:43","guid":{"rendered":"https:\/\/encuentroinformativo.com\/?p=5471"},"modified":"2020-09-02T16:31:48","modified_gmt":"2020-09-02T21:31:48","slug":"impulsara-podemos-profesionalizacion-de-candidatos","status":"publish","type":"post","link":"https:\/\/encuentroinformativo.com.mx\/?p=5471","title":{"rendered":"Impulsar\u00e1 Podemos profesionalizaci\u00f3n de candidatos"},"content":{"rendered":"\n<p><strong>*El partido pol\u00edtico signo un convenio de colaboraci\u00f3n con instituci\u00f3n privada.<\/strong><\/p>\n\n\n\n<p>Xalapa, Ver. \u2013 El dirigente del partido pol\u00edtico Podemos, Francisco Garrido S\u00e1nchez y el rector de la Universidad Xalapa (UX) Carlos Garc\u00eda M\u00e9ndez, firmaron un convenio de colaboraci\u00f3n para impulsar la profesionalizaci\u00f3n de quienes participar\u00e1n en el pr\u00f3ximo proceso electoral del 2021.<\/p>\n\n\n\n<p>En dicha firma, estuvo presente Gonzalo Morgado Huesca y el empresario xalape\u00f1o Martin Aburto Landa, quien en breve asumir\u00e1 la dirigencia del Comit\u00e9 Municipal Xalapa.<\/p>\n\n\n\n<p>Tras la reuni\u00f3n, el rector de la UX, Carlos Garc\u00eda M\u00e9ndez se suma a los trabajos de Podemos, para impulsar pol\u00edticas p\u00fablicas en beneficio de Veracruz y la capital del estado.<\/p>\n\n\n\n<p>Cabe mencionar que Podemos, a partir del 1 de Julio de 2020, es considerado un partido oficial ante el OPLE Veracruz, al contar con mas de 25 mil miembros activos; y es uno de los cuatro nuevos partidos pol\u00edticos que operaran en la entidad.<\/p>\n\n\n\n<p>Dicha organizaci\u00f3n impulsa la participaci\u00f3n pol\u00edtica ciudadana de mujeres y hombres veracruzanos con aspiraciones de servir al pueblo y el cual busca dar un giro en la vinculaci\u00f3n tradicional de los institutos pol\u00edticos con la sociedad.<\/p>\n","protected":false},"excerpt":{"rendered":"<p>*El partido pol\u00edtico signo un convenio de colaboraci\u00f3n con instituci\u00f3n privada. Xalapa, Ver. \u2013 El dirigente del partido pol\u00edtico Podemos, Francisco Garrido S\u00e1nchez y el rector de la Universidad Xalapa (UX) Carlos Garc\u00eda M\u00e9ndez, firmaron un convenio de colaboraci\u00f3n para impulsar la profesionalizaci\u00f3n de quienes participar\u00e1n en el pr\u00f3ximo proceso electoral del 2021. En dicha [&hellip;]<\/p>\n","protected":false},"author":1,"featured_media":5472,"comment_status":"open","ping_status":"open","sticky":false,"template":"","format":"standard","meta":{"_jetpack_memberships_contains_paid_content":false,"footnotes":""},"categories":[3],"tags":[],"class_list":["post-5471","post","type-post","status-publish","format-standard","has-post-thumbnail","hentry","category-xalapa"],"jetpack_featured_media_url":"https:\/\/encuentroinformativo.com.mx\/wp-content\/uploads\/2020\/09\/73867756-D537-4A41-99EB-07069DA521B8.jpeg","jetpack_sharing_enabled":true,"jetpack_likes_enabled":true,"amp_enabled":true,"_links":{"self":[{"href":"https:\/\/encuentroinformativo.com.mx\/index.php?rest_route=\/wp\/v2\/posts\/5471","targetHints":{"allow":["GET"]}}],"collection":[{"href":"https:\/\/encuentroinformativo.com.mx\/index.php?rest_route=\/wp\/v2\/posts"}],"about":[{"href":"https:\/\/encuentroinformativo.com.mx\/index.php?rest_route=\/wp\/v2\/types\/post"}],"author":[{"embeddable":true,"href":"https:\/\/encuentroinformativo.com.mx\/index.php?rest_route=\/wp\/v2\/users\/1"}],"replies":[{"embeddable":true,"href":"https:\/\/encuentroinformativo.com.mx\/index.php?rest_route=%2Fwp%2Fv2%2Fcomments&post=5471"}],"version-history":[{"count":1,"href":"https:\/\/encuentroinformativo.com.mx\/index.php?rest_route=\/wp\/v2\/posts\/5471\/revisions"}],"predecessor-version":[{"id":5473,"href":"https:\/\/encuentroinformativo.com.mx\/index.php?rest_route=\/wp\/v2\/posts\/5471\/revisions\/5473"}],"wp:featuredmedia":[{"embeddable":true,"href":"https:\/\/encuentroinformativo.com.mx\/index.php?rest_route=\/wp\/v2\/media\/5472"}],"wp:attachment":[{"href":"https:\/\/encuentroinformativo.com.mx\/index.php?rest_route=%2Fwp%2Fv2%2Fmedia&parent=5471"}],"wp:term":[{"taxonomy":"category","embeddable":true,"href":"https:\/\/encuentroinformativo.com.mx\/index.php?rest_route=%2Fwp%2Fv2%2Fcategories&post=5471"},{"taxonomy":"post_tag","embeddable":true,"href":"https:\/\/encuentroinformativo.com.mx\/index.php?rest_route=%2Fwp%2Fv2%2Ftags&post=5471"}],"curies":[{"name":"wp","href":"https:\/\/api.w.org\/{rel}","templated":true}]}}