{"id":54715,"date":"2024-05-21T13:49:12","date_gmt":"2024-05-21T19:49:12","guid":{"rendered":"https:\/\/encuentroinformativo.com.mx\/?p=54715"},"modified":"2024-05-21T13:49:18","modified_gmt":"2024-05-21T19:49:18","slug":"docente-denuncia-acoso-laboral-en-escuela-de-alamo","status":"publish","type":"post","link":"https:\/\/encuentroinformativo.com.mx\/?p=54715","title":{"rendered":"Docente denuncia acoso laboral en escuela de \u00c1lamo"},"content":{"rendered":"\n<p><strong>Dar\u00edo Pale <\/strong><\/p>\n\n\n\n<p>Xalapa, Ver.- Solicita el apoyo de las autoridades para que su caso de hostigamiento y acoso laboral sea atendido conforme a derecho, as\u00ed lo dio a conocer la docente Rosa Arlette del \u00c1ngel Ruiz, de la escuela ubicada en la localidad de Sombrerete, perteneciente al municipio de \u00c1lamo.<\/p>\n\n\n\n<p>En conferencia de prensa, expuso que tanto la directora del plantel, Flor Selene Ortiz Licona, as\u00ed como el jefe de Sector, Eligio L\u00f3pez, la acosaron laboralmente durante su embarazo por informar que era de alto riesgo.<\/p>\n\n\n\n<p>Dijo que siempre le inform\u00f3 a la directiva que ten\u00eda amenaza de aborto, por lo que present\u00f3 una denuncia en contra de ella y otros servidores p\u00fablicos, adem\u00e1s de una queja ante la Comisi\u00f3n Estatal de Derechos Humanos, ya que estuvieron en riesgo de perder la vida ella y su beb\u00e9.<\/p>\n\n\n\n<p>Este martes tendr\u00eda una audiencia con el jur\u00eddico de la SEV, sin embargo, dijo que a pesar de que ya han tenido otra audiencia, no ha tenido justicia.<\/p>\n\n\n\n<p>Al contrario, se le ha revictimizado y se le ha querido persuadir para que desista de sus demandas.<\/p>\n\n\n\n<p>&#8220;Me dicen que yo sigo con el tr\u00e1mite puedo tener consecuencias, lo cual me preocupa por el bienestar de mi familia, entonces quisiera pedir el apoyo. Interpuse queja ante Derechos Humanos y recibo el apoyo del IVM&#8221;, expuso.<\/p>\n\n\n\n<p>Finalmente la docente afectada puntualiz\u00f3 que desde el inicio de su embarazo le inform\u00f3 de su estado a la directora, pero ella s\u00f3lo la ridiculizaba frente a sus compa\u00f1eros y padres de familia.<\/p>\n","protected":false},"excerpt":{"rendered":"<p>Dar\u00edo Pale Xalapa, Ver.- Solicita el apoyo de las autoridades para que su caso de hostigamiento y acoso laboral sea atendido conforme a derecho, as\u00ed lo dio a conocer la docente Rosa Arlette del \u00c1ngel Ruiz, de la escuela ubicada en la localidad de Sombrerete, perteneciente al municipio de \u00c1lamo. En conferencia de prensa, expuso [&hellip;]<\/p>\n","protected":false},"author":2476,"featured_media":54717,"comment_status":"open","ping_status":"open","sticky":false,"template":"","format":"standard","meta":{"_jetpack_memberships_contains_paid_content":false,"footnotes":""},"categories":[2],"tags":[],"class_list":["post-54715","post","type-post","status-publish","format-standard","has-post-thumbnail","hentry","category-estado"],"jetpack_featured_media_url":"https:\/\/encuentroinformativo.com.mx\/wp-content\/uploads\/2024\/05\/IMG-20240521-WA0107.jpg","jetpack_sharing_enabled":true,"jetpack_likes_enabled":true,"amp_enabled":true,"_links":{"self":[{"href":"https:\/\/encuentroinformativo.com.mx\/index.php?rest_route=\/wp\/v2\/posts\/54715","targetHints":{"allow":["GET"]}}],"collection":[{"href":"https:\/\/encuentroinformativo.com.mx\/index.php?rest_route=\/wp\/v2\/posts"}],"about":[{"href":"https:\/\/encuentroinformativo.com.mx\/index.php?rest_route=\/wp\/v2\/types\/post"}],"author":[{"embeddable":true,"href":"https:\/\/encuentroinformativo.com.mx\/index.php?rest_route=\/wp\/v2\/users\/2476"}],"replies":[{"embeddable":true,"href":"https:\/\/encuentroinformativo.com.mx\/index.php?rest_route=%2Fwp%2Fv2%2Fcomments&post=54715"}],"version-history":[{"count":1,"href":"https:\/\/encuentroinformativo.com.mx\/index.php?rest_route=\/wp\/v2\/posts\/54715\/revisions"}],"predecessor-version":[{"id":54718,"href":"https:\/\/encuentroinformativo.com.mx\/index.php?rest_route=\/wp\/v2\/posts\/54715\/revisions\/54718"}],"wp:featuredmedia":[{"embeddable":true,"href":"https:\/\/encuentroinformativo.com.mx\/index.php?rest_route=\/wp\/v2\/media\/54717"}],"wp:attachment":[{"href":"https:\/\/encuentroinformativo.com.mx\/index.php?rest_route=%2Fwp%2Fv2%2Fmedia&parent=54715"}],"wp:term":[{"taxonomy":"category","embeddable":true,"href":"https:\/\/encuentroinformativo.com.mx\/index.php?rest_route=%2Fwp%2Fv2%2Fcategories&post=54715"},{"taxonomy":"post_tag","embeddable":true,"href":"https:\/\/encuentroinformativo.com.mx\/index.php?rest_route=%2Fwp%2Fv2%2Ftags&post=54715"}],"curies":[{"name":"wp","href":"https:\/\/api.w.org\/{rel}","templated":true}]}}