{"id":54728,"date":"2024-05-21T17:41:22","date_gmt":"2024-05-21T23:41:22","guid":{"rendered":"https:\/\/encuentroinformativo.com.mx\/?p=54728"},"modified":"2024-05-21T17:41:26","modified_gmt":"2024-05-21T23:41:26","slug":"se-compromete-adriana-rojano-a-ser-voz-de-los-artistas-y-la-cultura-en-el-congreso-del-estado","status":"publish","type":"post","link":"https:\/\/encuentroinformativo.com.mx\/?p=54728","title":{"rendered":"Se compromete Adriana Rojano a ser voz de los artistas y la cultura en el Congreso del Estado"},"content":{"rendered":"\n<p><strong>* Entregan &#8220;Las 10 para legislarte&#8221; a candidatos de Fuerza y Coraz\u00f3n por Veracruz.<\/strong><\/p>\n\n\n\n<p>Xalapa, Ver.- Durante el &#8220;Encuentro de artistas en pro de la econom\u00eda naranja&#8221;, Adriana Rojano Pazzi se comprometi\u00f3 en atender cada una de las peticiones para fomentar las actividades y el trabajo cultural que se realiza en Xalapa.<\/p>\n\n\n\n<p>Coment\u00f3 que a pesar de que su fortaleza es el tema de salud, asume este compromiso con mucho orgullo y responsabilidad porque reconoci\u00f3 que han sido un sector muy afectado desde una pandemia mal llevada.<\/p>\n\n\n\n<p>Reforz\u00f3 que fueron de los m\u00e1s abandonados al quedar sin ninguna fuente de ingreso para subsistir y sobrellevar la crisis de salud, &#8220;desde la llegada de Morena al poder, el apoyo se hizo nulo&#8221;.<\/p>\n\n\n\n<p>Dijo que este acercamiento le da m\u00e1s herramientas para trabajar en el Congreso del Estado y legislar en pro de impulsar y reforzar el arte y la cultura.<\/p>\n\n\n\n<p>Agradeci\u00f3 a todos los presentes el haber presentado las 10 iniciativas que ellos mismos saben que son necesarias para dar certeza a su gremio, las cuales, asegur\u00f3 llevar\u00e1 a la C\u00e1mara y junto a Pepe Yunes, Sara Ladr\u00f3n de Guevara, Am\u00e9rico Z\u00fa\u00f1iga y Sergio Hern\u00e1ndez lograr\u00e1n recuperar la Atenas Veracruzana.<\/p>\n\n\n\n<p>&#8220;Hoy me motiva y me emociona, les voy a contar algo muy personal, a mi equipo se sum\u00f3 un cineasta y hoy le agradezco porque me dijo que se quedaba por creer en m\u00ed, en mi persona, en este proyecto, a pesar de que nunca hab\u00eda hecho foto pol\u00edtica o cubierto una campa\u00f1a, hoy est\u00e1 aqu\u00ed conmigo y voy a sentar las bases por \u00e9l, por todos ustedes y por Xalapa&#8221;.<\/p>\n\n\n\n<p>Los abanderados por la coalici\u00f3n &#8220;Fuerza y Coraz\u00f3n por Veracruz&#8221;, realizaron una firma compromiso por lo que los artistas confiaron en que esta vez ser\u00edan escuchados y tomados en cuenta.<\/p>\n","protected":false},"excerpt":{"rendered":"<p>* Entregan &#8220;Las 10 para legislarte&#8221; a candidatos de Fuerza y Coraz\u00f3n por Veracruz. Xalapa, Ver.- Durante el &#8220;Encuentro de artistas en pro de la econom\u00eda naranja&#8221;, Adriana Rojano Pazzi se comprometi\u00f3 en atender cada una de las peticiones para fomentar las actividades y el trabajo cultural que se realiza en Xalapa. Coment\u00f3 que a [&hellip;]<\/p>\n","protected":false},"author":2476,"featured_media":54729,"comment_status":"open","ping_status":"open","sticky":false,"template":"","format":"standard","meta":{"_jetpack_memberships_contains_paid_content":false,"footnotes":""},"categories":[3],"tags":[],"class_list":["post-54728","post","type-post","status-publish","format-standard","has-post-thumbnail","hentry","category-xalapa"],"jetpack_featured_media_url":"https:\/\/encuentroinformativo.com.mx\/wp-content\/uploads\/2024\/05\/IMG-20240521-WA01392.jpg","jetpack_sharing_enabled":true,"jetpack_likes_enabled":true,"amp_enabled":true,"_links":{"self":[{"href":"https:\/\/encuentroinformativo.com.mx\/index.php?rest_route=\/wp\/v2\/posts\/54728","targetHints":{"allow":["GET"]}}],"collection":[{"href":"https:\/\/encuentroinformativo.com.mx\/index.php?rest_route=\/wp\/v2\/posts"}],"about":[{"href":"https:\/\/encuentroinformativo.com.mx\/index.php?rest_route=\/wp\/v2\/types\/post"}],"author":[{"embeddable":true,"href":"https:\/\/encuentroinformativo.com.mx\/index.php?rest_route=\/wp\/v2\/users\/2476"}],"replies":[{"embeddable":true,"href":"https:\/\/encuentroinformativo.com.mx\/index.php?rest_route=%2Fwp%2Fv2%2Fcomments&post=54728"}],"version-history":[{"count":1,"href":"https:\/\/encuentroinformativo.com.mx\/index.php?rest_route=\/wp\/v2\/posts\/54728\/revisions"}],"predecessor-version":[{"id":54730,"href":"https:\/\/encuentroinformativo.com.mx\/index.php?rest_route=\/wp\/v2\/posts\/54728\/revisions\/54730"}],"wp:featuredmedia":[{"embeddable":true,"href":"https:\/\/encuentroinformativo.com.mx\/index.php?rest_route=\/wp\/v2\/media\/54729"}],"wp:attachment":[{"href":"https:\/\/encuentroinformativo.com.mx\/index.php?rest_route=%2Fwp%2Fv2%2Fmedia&parent=54728"}],"wp:term":[{"taxonomy":"category","embeddable":true,"href":"https:\/\/encuentroinformativo.com.mx\/index.php?rest_route=%2Fwp%2Fv2%2Fcategories&post=54728"},{"taxonomy":"post_tag","embeddable":true,"href":"https:\/\/encuentroinformativo.com.mx\/index.php?rest_route=%2Fwp%2Fv2%2Ftags&post=54728"}],"curies":[{"name":"wp","href":"https:\/\/api.w.org\/{rel}","templated":true}]}}