{"id":54746,"date":"2024-05-22T13:08:46","date_gmt":"2024-05-22T19:08:46","guid":{"rendered":"https:\/\/encuentroinformativo.com.mx\/?p=54746"},"modified":"2024-05-22T13:08:52","modified_gmt":"2024-05-22T19:08:52","slug":"vecinos-toman-oficinas-de-cfe-en-soledad-de-doblado","status":"publish","type":"post","link":"https:\/\/encuentroinformativo.com.mx\/?p=54746","title":{"rendered":"Vecinos toman oficinas de CFE en Soledad de Doblado"},"content":{"rendered":"\n<p><strong>Alejandro \u00c1vil<\/strong>a<\/p>\n\n\n\n<p>Soledad de Doblado, Ver.- Pobladores de la localidad de Mata Conejo en el municipio de Soledad de Doblado, tomaron las instalaciones de la Comisi\u00f3n Federal de Electricidad (CFE) en la cabecera municipal, debido a los problemas que tienen con la energ\u00eda el\u00e9ctrica.<\/p>\n\n\n\n<p>Aparentemente el voltaje en la zona es m\u00ednimo, pues los focos no prenden, los ventiladores no trabajan y, los refrigeradores no logran enfriar lo suficiente y los alimentos se echan a perder, mencionaron los afectados.<\/p>\n\n\n\n<p>&#8220;Pedimos el apoyo para que nos cambien el transformador, ah\u00ed hay unas fotos que vamos a poner tambi\u00e9n, para que vean que el transformador tira una cantidad de aceite, y necesitamos soluci\u00f3n, aqu\u00ed est\u00e1 toda la gente que est\u00e1 inconforme y esperemos que nos den respuesta&#8221;, dijo la se\u00f1ora Gladys.<\/p>\n\n\n\n<p>Los quejosas se\u00f1alaron que en los \u00faltimos d\u00edas los alimentos se les han echado a perder, situaci\u00f3n que afecta en demas\u00eda la econom\u00eda familiar; adem\u00e1s, mencionaron que esta no es la primera ocasi\u00f3n que tienen problemas con la energ\u00eda el\u00e9ctrica, pues incluso, se han quedado sin luz durante 5 d\u00edas en otras ocasiones.<\/p>\n\n\n\n<p>&#8220;Se hacen reportes, se llama y Comisi\u00f3n brilla por su ausencia, y la verdad no es justo, ya estamos cansados, tenemos que estar pagando un particular para que nos arregle la luz, porque Comisi\u00f3n no se para por ah\u00ed&#8221;, remat\u00f3 Evelina.<\/p>\n\n\n\n<figure class=\"wp-block-image size-large\"><img loading=\"lazy\" decoding=\"async\" width=\"1024\" height=\"678\" src=\"https:\/\/encuentroinformativo.com.mx\/wp-content\/uploads\/2024\/05\/IMG-20240522-WA00532-1024x678.jpg\" alt=\"\" class=\"wp-image-54748\" srcset=\"https:\/\/encuentroinformativo.com.mx\/wp-content\/uploads\/2024\/05\/IMG-20240522-WA00532-1024x678.jpg 1024w, https:\/\/encuentroinformativo.com.mx\/wp-content\/uploads\/2024\/05\/IMG-20240522-WA00532-300x199.jpg 300w, https:\/\/encuentroinformativo.com.mx\/wp-content\/uploads\/2024\/05\/IMG-20240522-WA00532-768x508.jpg 768w, https:\/\/encuentroinformativo.com.mx\/wp-content\/uploads\/2024\/05\/IMG-20240522-WA00532-1536x1017.jpg 1536w, https:\/\/encuentroinformativo.com.mx\/wp-content\/uploads\/2024\/05\/IMG-20240522-WA00532.jpg 1600w\" sizes=\"auto, (max-width: 1024px) 100vw, 1024px\" \/><\/figure>\n","protected":false},"excerpt":{"rendered":"<p>Alejandro \u00c1vila Soledad de Doblado, Ver.- Pobladores de la localidad de Mata Conejo en el municipio de Soledad de Doblado, tomaron las instalaciones de la Comisi\u00f3n Federal de Electricidad (CFE) en la cabecera municipal, debido a los problemas que tienen con la energ\u00eda el\u00e9ctrica. Aparentemente el voltaje en la zona es m\u00ednimo, pues los focos [&hellip;]<\/p>\n","protected":false},"author":2476,"featured_media":54747,"comment_status":"open","ping_status":"open","sticky":false,"template":"","format":"standard","meta":{"_jetpack_memberships_contains_paid_content":false,"footnotes":""},"categories":[2],"tags":[],"class_list":["post-54746","post","type-post","status-publish","format-standard","has-post-thumbnail","hentry","category-estado"],"jetpack_featured_media_url":"https:\/\/encuentroinformativo.com.mx\/wp-content\/uploads\/2024\/05\/IMG-20240522-WA00502.jpg","jetpack_sharing_enabled":true,"jetpack_likes_enabled":true,"amp_enabled":true,"_links":{"self":[{"href":"https:\/\/encuentroinformativo.com.mx\/index.php?rest_route=\/wp\/v2\/posts\/54746","targetHints":{"allow":["GET"]}}],"collection":[{"href":"https:\/\/encuentroinformativo.com.mx\/index.php?rest_route=\/wp\/v2\/posts"}],"about":[{"href":"https:\/\/encuentroinformativo.com.mx\/index.php?rest_route=\/wp\/v2\/types\/post"}],"author":[{"embeddable":true,"href":"https:\/\/encuentroinformativo.com.mx\/index.php?rest_route=\/wp\/v2\/users\/2476"}],"replies":[{"embeddable":true,"href":"https:\/\/encuentroinformativo.com.mx\/index.php?rest_route=%2Fwp%2Fv2%2Fcomments&post=54746"}],"version-history":[{"count":1,"href":"https:\/\/encuentroinformativo.com.mx\/index.php?rest_route=\/wp\/v2\/posts\/54746\/revisions"}],"predecessor-version":[{"id":54749,"href":"https:\/\/encuentroinformativo.com.mx\/index.php?rest_route=\/wp\/v2\/posts\/54746\/revisions\/54749"}],"wp:featuredmedia":[{"embeddable":true,"href":"https:\/\/encuentroinformativo.com.mx\/index.php?rest_route=\/wp\/v2\/media\/54747"}],"wp:attachment":[{"href":"https:\/\/encuentroinformativo.com.mx\/index.php?rest_route=%2Fwp%2Fv2%2Fmedia&parent=54746"}],"wp:term":[{"taxonomy":"category","embeddable":true,"href":"https:\/\/encuentroinformativo.com.mx\/index.php?rest_route=%2Fwp%2Fv2%2Fcategories&post=54746"},{"taxonomy":"post_tag","embeddable":true,"href":"https:\/\/encuentroinformativo.com.mx\/index.php?rest_route=%2Fwp%2Fv2%2Ftags&post=54746"}],"curies":[{"name":"wp","href":"https:\/\/api.w.org\/{rel}","templated":true}]}}