{"id":5475,"date":"2020-09-02T19:52:46","date_gmt":"2020-09-03T00:52:46","guid":{"rendered":"https:\/\/encuentroinformativo.com\/?p=5475"},"modified":"2020-09-02T19:52:52","modified_gmt":"2020-09-03T00:52:52","slug":"presidente-debe-hacer-valer-las-leyes-evangelicos","status":"publish","type":"post","link":"https:\/\/encuentroinformativo.com.mx\/?p=5475","title":{"rendered":"Presidente debe hacer valer las leyes: Evang\u00e9licos"},"content":{"rendered":"\n<p><strong>Dar\u00edo Pale <\/strong><\/p>\n\n\n\n<p>Xalapa, Ver.- Los expresidentes de la rep\u00fablica deben ser juzgados conforme a la ley, as\u00ed lo se\u00f1al\u00f3 el presidente de la Red Evang\u00e9lica del Estado de Veracruz, Guillermo Trujillo \u00c1lvarez.<\/p>\n\n\n\n<p>En conferencia de prensa realizada en conocido caf\u00e9 del centro de Xalapa solicit\u00f3 que sea cuidadoso al solicitar un juicio sumario en contra los ex mandatarios sobre todo en votaci\u00f3n.<\/p>\n\n\n\n<p>Dijo que se corre el riesgo de que se pueda juzgar por lo que la gente dice \u201cpor eso hay leyes, nosotros votamos por un presidente que haga valer la Constituci\u00f3n\u201d.<\/p>\n\n\n\n<p>En lo que respecta al Segundo Informe de Gobierno del presidente Andr\u00e9s Manuel L\u00f3pez Obrador \u00a0dejo ver que se acab\u00f3 \u201cel d\u00eda del presidente\u201d como anteriormente se hac\u00eda a la vez que se\u00f1al\u00f3 que hubo temas que no se tocaron como lo relativo a la seguridad y los feminicidios.<\/p>\n\n\n\n<p>En otro tema manifest\u00f3 que todav\u00eda no se ha acabado la emergencia sanitaria, por lo que exhort\u00f3 a la ciudadan\u00eda a utilizar el cubrebocas y no realizar reuniones multitudinarias.<\/p>\n\n\n\n<p><\/p>\n","protected":false},"excerpt":{"rendered":"<p>Dar\u00edo Pale Xalapa, Ver.- Los expresidentes de la rep\u00fablica deben ser juzgados conforme a la ley, as\u00ed lo se\u00f1al\u00f3 el presidente de la Red Evang\u00e9lica del Estado de Veracruz, Guillermo Trujillo \u00c1lvarez. En conferencia de prensa realizada en conocido caf\u00e9 del centro de Xalapa solicit\u00f3 que sea cuidadoso al solicitar un juicio sumario en contra [&hellip;]<\/p>\n","protected":false},"author":1,"featured_media":5476,"comment_status":"open","ping_status":"open","sticky":false,"template":"","format":"standard","meta":{"_jetpack_memberships_contains_paid_content":false,"footnotes":""},"categories":[3],"tags":[],"class_list":["post-5475","post","type-post","status-publish","format-standard","has-post-thumbnail","hentry","category-xalapa"],"jetpack_featured_media_url":"https:\/\/encuentroinformativo.com.mx\/wp-content\/uploads\/2020\/09\/41854EFB-A6AA-4726-A3A2-73522DC3127E.jpeg","jetpack_sharing_enabled":true,"jetpack_likes_enabled":true,"amp_enabled":true,"_links":{"self":[{"href":"https:\/\/encuentroinformativo.com.mx\/index.php?rest_route=\/wp\/v2\/posts\/5475","targetHints":{"allow":["GET"]}}],"collection":[{"href":"https:\/\/encuentroinformativo.com.mx\/index.php?rest_route=\/wp\/v2\/posts"}],"about":[{"href":"https:\/\/encuentroinformativo.com.mx\/index.php?rest_route=\/wp\/v2\/types\/post"}],"author":[{"embeddable":true,"href":"https:\/\/encuentroinformativo.com.mx\/index.php?rest_route=\/wp\/v2\/users\/1"}],"replies":[{"embeddable":true,"href":"https:\/\/encuentroinformativo.com.mx\/index.php?rest_route=%2Fwp%2Fv2%2Fcomments&post=5475"}],"version-history":[{"count":1,"href":"https:\/\/encuentroinformativo.com.mx\/index.php?rest_route=\/wp\/v2\/posts\/5475\/revisions"}],"predecessor-version":[{"id":5477,"href":"https:\/\/encuentroinformativo.com.mx\/index.php?rest_route=\/wp\/v2\/posts\/5475\/revisions\/5477"}],"wp:featuredmedia":[{"embeddable":true,"href":"https:\/\/encuentroinformativo.com.mx\/index.php?rest_route=\/wp\/v2\/media\/5476"}],"wp:attachment":[{"href":"https:\/\/encuentroinformativo.com.mx\/index.php?rest_route=%2Fwp%2Fv2%2Fmedia&parent=5475"}],"wp:term":[{"taxonomy":"category","embeddable":true,"href":"https:\/\/encuentroinformativo.com.mx\/index.php?rest_route=%2Fwp%2Fv2%2Fcategories&post=5475"},{"taxonomy":"post_tag","embeddable":true,"href":"https:\/\/encuentroinformativo.com.mx\/index.php?rest_route=%2Fwp%2Fv2%2Ftags&post=5475"}],"curies":[{"name":"wp","href":"https:\/\/api.w.org\/{rel}","templated":true}]}}