{"id":54753,"date":"2024-05-22T13:33:42","date_gmt":"2024-05-22T19:33:42","guid":{"rendered":"https:\/\/encuentroinformativo.com.mx\/?p=54753"},"modified":"2024-05-22T13:33:48","modified_gmt":"2024-05-22T19:33:48","slug":"con-protesta-demandan-reclasificar-tarifas-electricas-a-cfe","status":"publish","type":"post","link":"https:\/\/encuentroinformativo.com.mx\/?p=54753","title":{"rendered":"Con protesta, demandan reclasificar tarifas el\u00e9ctricas a CFE"},"content":{"rendered":"\n<p><strong>Juan Arcos <\/strong><\/p>\n\n\n\n<p>Xalapa, Ver.- Integrantes del movimiento de resistencia civil \u201cLa leyenda de Chucho el roto\u201d protestaron frente a las oficinas de la Comisi\u00f3n Federal de Electricidad (CFE), donde bloquearon durante unos minutos la calle Ignacio Allende, en la zona centro de la ciudad de Xalapa.<\/p>\n\n\n\n<p>Los quejosos exigieron a los directivos de CFE que se reanuden las mesas de di\u00e1logo para que sean atendidas las demandas de las personas que habitan en los 60 kil\u00f3metros a la redonda de la planta nuclear de Laguna Verde.<\/p>\n\n\n\n<p>El vocero del movimiento, Jorge Morales Barradas, indic\u00f3 que entregar\u00eda personalmente un oficio a la empresa para que sea tomada en cuenta su propuesta para la reclasificaci\u00f3n de tarifas de energ\u00eda el\u00e9ctrica en la entidad.<\/p>\n\n\n\n<p>\u201cSolicitarle al gerente general de la Divisi\u00f3n y al subgerente del Departamento Comercial de la Divisi\u00f3n Oriente la reapertura de las mesas de trabajo y di\u00e1logo\u201d.<\/p>\n\n\n\n<p>Record\u00f3 que desde hace 17 a\u00f1os se ha pedido a los diferentes gobiernos federales que han pasado que la energ\u00eda el\u00e9ctrica sea considerada como un derecho humano.<\/p>\n\n\n\n<p>Adem\u00e1s, enfatiz\u00f3 que en Veracruz es necesaria la reclasificaci\u00f3n de las tarifas el\u00e9ctricas y que se ampl\u00eden o se recuperen las rutas de evacuaci\u00f3n seg\u00fan el Plan de Emergencia Radiol\u00f3gico Externo en la zona de Laguna Verde.<\/p>\n\n\n\n<p>\u201cEntonces el d\u00eda de hoy venimos aqu\u00ed varias comunidades representantes, nada m\u00e1s de comunidades no es el movimiento masivo solo que nos acompa\u00f1aran a entregar el movimiento algunos representantes de comunidades para solicitar al gerente y al subgerente la reapertura de las mesas de trabajo y de di\u00e1logo porque el di\u00e1logo es la madre para solucionar toda la problem\u00e1tica existente\u201d.<\/p>\n\n\n\n<p>Morales Barradas ingres\u00f3 a las oficinas de CFE para entregar sus oficios correspondientes. Al salir, las personas se retiraron con una marcha hacia el Palacio de Gobierno.<\/p>\n","protected":false},"excerpt":{"rendered":"<p>Juan Arcos Xalapa, Ver.- Integrantes del movimiento de resistencia civil \u201cLa leyenda de Chucho el roto\u201d protestaron frente a las oficinas de la Comisi\u00f3n Federal de Electricidad (CFE), donde bloquearon durante unos minutos la calle Ignacio Allende, en la zona centro de la ciudad de Xalapa. Los quejosos exigieron a los directivos de CFE que [&hellip;]<\/p>\n","protected":false},"author":2476,"featured_media":54754,"comment_status":"open","ping_status":"open","sticky":false,"template":"","format":"standard","meta":{"_jetpack_memberships_contains_paid_content":false,"footnotes":""},"categories":[8],"tags":[],"class_list":["post-54753","post","type-post","status-publish","format-standard","has-post-thumbnail","hentry","category-region"],"jetpack_featured_media_url":"https:\/\/encuentroinformativo.com.mx\/wp-content\/uploads\/2024\/05\/IMG_6929.jpg","jetpack_sharing_enabled":true,"jetpack_likes_enabled":true,"amp_enabled":true,"_links":{"self":[{"href":"https:\/\/encuentroinformativo.com.mx\/index.php?rest_route=\/wp\/v2\/posts\/54753","targetHints":{"allow":["GET"]}}],"collection":[{"href":"https:\/\/encuentroinformativo.com.mx\/index.php?rest_route=\/wp\/v2\/posts"}],"about":[{"href":"https:\/\/encuentroinformativo.com.mx\/index.php?rest_route=\/wp\/v2\/types\/post"}],"author":[{"embeddable":true,"href":"https:\/\/encuentroinformativo.com.mx\/index.php?rest_route=\/wp\/v2\/users\/2476"}],"replies":[{"embeddable":true,"href":"https:\/\/encuentroinformativo.com.mx\/index.php?rest_route=%2Fwp%2Fv2%2Fcomments&post=54753"}],"version-history":[{"count":1,"href":"https:\/\/encuentroinformativo.com.mx\/index.php?rest_route=\/wp\/v2\/posts\/54753\/revisions"}],"predecessor-version":[{"id":54755,"href":"https:\/\/encuentroinformativo.com.mx\/index.php?rest_route=\/wp\/v2\/posts\/54753\/revisions\/54755"}],"wp:featuredmedia":[{"embeddable":true,"href":"https:\/\/encuentroinformativo.com.mx\/index.php?rest_route=\/wp\/v2\/media\/54754"}],"wp:attachment":[{"href":"https:\/\/encuentroinformativo.com.mx\/index.php?rest_route=%2Fwp%2Fv2%2Fmedia&parent=54753"}],"wp:term":[{"taxonomy":"category","embeddable":true,"href":"https:\/\/encuentroinformativo.com.mx\/index.php?rest_route=%2Fwp%2Fv2%2Fcategories&post=54753"},{"taxonomy":"post_tag","embeddable":true,"href":"https:\/\/encuentroinformativo.com.mx\/index.php?rest_route=%2Fwp%2Fv2%2Ftags&post=54753"}],"curies":[{"name":"wp","href":"https:\/\/api.w.org\/{rel}","templated":true}]}}