{"id":54771,"date":"2024-05-22T16:35:22","date_gmt":"2024-05-22T22:35:22","guid":{"rendered":"https:\/\/encuentroinformativo.com.mx\/?p=54771"},"modified":"2024-05-22T16:35:27","modified_gmt":"2024-05-22T22:35:27","slug":"madre-pide-ayuda-para-recuperar-custodia-de-sus-hijos","status":"publish","type":"post","link":"https:\/\/encuentroinformativo.com.mx\/?p=54771","title":{"rendered":"Madre pide ayuda para recuperar custodia de sus hijos"},"content":{"rendered":"\n<p><strong>Dar\u00edo Pale <\/strong><\/p>\n\n\n\n<p>Xalapa, Ver.- Hace un llamado a las autoridades a que la ayuden a recuperar a sus hijos, quienes le fueron quitados por el pap\u00e1 de estos, as\u00ed lo dio a conocer la se\u00f1ora M\u00f3nica Rodr\u00edguez Mart\u00ednez de 34 a\u00f1os.<\/p>\n\n\n\n<p>En conferencia de prensa relat\u00f3 que el padre de sus hijos se los llev\u00f3 con el apoyo de polic\u00edas y de personal del DIF Municipal de Banderilla, pues la acus\u00f3 de omisi\u00f3n de cuidados, sin embargo ella niega que sea as\u00ed.<\/p>\n\n\n\n<p>Dio a conocer que los ni\u00f1os le fueron quitados el pasado 19 de febrero y aunque interpuso una denuncia ante la Fiscal\u00eda General del Estado, e incluso un amparo federal donde un juez le favoreci\u00f3, la dependencia argumenta que el padre tambi\u00e9n tiene derechos y no ha incurrido en ning\u00fan delito.<\/p>\n\n\n\n<p>\u201cDijeron que no hay delito porque es su pap\u00e1 y tiene derechos, pero es la forma que se llev\u00f3 a mis hijos, no es la manera. Ellos viven en casa de sus abuelos, pero buscaron quien los cuide porque ellos trabajan\u201d, coment\u00f3.<\/p>\n\n\n\n<p>Finalmente, dijo que el progenitor de sus dos hijos la demand\u00f3 por omisi\u00f3n de cuidados, no obstante, rechaz\u00f3 los se\u00f1alamientos, \u00a0\u201cmet\u00ed un amparo y el juez federal est\u00e1 pidiendo a la fiscal que siga el proceso y a la del DIF que regrese a mi hijos pero se niegan a hacerlo, el 22 de marzo me dieron la absoluci\u00f3n y no me los entregan\u201d.<\/p>\n","protected":false},"excerpt":{"rendered":"<p>Dar\u00edo Pale Xalapa, Ver.- Hace un llamado a las autoridades a que la ayuden a recuperar a sus hijos, quienes le fueron quitados por el pap\u00e1 de estos, as\u00ed lo dio a conocer la se\u00f1ora M\u00f3nica Rodr\u00edguez Mart\u00ednez de 34 a\u00f1os. En conferencia de prensa relat\u00f3 que el padre de sus hijos se los llev\u00f3 [&hellip;]<\/p>\n","protected":false},"author":2476,"featured_media":54772,"comment_status":"open","ping_status":"open","sticky":false,"template":"","format":"standard","meta":{"_jetpack_memberships_contains_paid_content":false,"footnotes":""},"categories":[8],"tags":[],"class_list":["post-54771","post","type-post","status-publish","format-standard","has-post-thumbnail","hentry","category-region"],"jetpack_featured_media_url":"https:\/\/encuentroinformativo.com.mx\/wp-content\/uploads\/2024\/05\/IMG-20240522-WA0068.jpg","jetpack_sharing_enabled":true,"jetpack_likes_enabled":true,"amp_enabled":true,"_links":{"self":[{"href":"https:\/\/encuentroinformativo.com.mx\/index.php?rest_route=\/wp\/v2\/posts\/54771","targetHints":{"allow":["GET"]}}],"collection":[{"href":"https:\/\/encuentroinformativo.com.mx\/index.php?rest_route=\/wp\/v2\/posts"}],"about":[{"href":"https:\/\/encuentroinformativo.com.mx\/index.php?rest_route=\/wp\/v2\/types\/post"}],"author":[{"embeddable":true,"href":"https:\/\/encuentroinformativo.com.mx\/index.php?rest_route=\/wp\/v2\/users\/2476"}],"replies":[{"embeddable":true,"href":"https:\/\/encuentroinformativo.com.mx\/index.php?rest_route=%2Fwp%2Fv2%2Fcomments&post=54771"}],"version-history":[{"count":1,"href":"https:\/\/encuentroinformativo.com.mx\/index.php?rest_route=\/wp\/v2\/posts\/54771\/revisions"}],"predecessor-version":[{"id":54773,"href":"https:\/\/encuentroinformativo.com.mx\/index.php?rest_route=\/wp\/v2\/posts\/54771\/revisions\/54773"}],"wp:featuredmedia":[{"embeddable":true,"href":"https:\/\/encuentroinformativo.com.mx\/index.php?rest_route=\/wp\/v2\/media\/54772"}],"wp:attachment":[{"href":"https:\/\/encuentroinformativo.com.mx\/index.php?rest_route=%2Fwp%2Fv2%2Fmedia&parent=54771"}],"wp:term":[{"taxonomy":"category","embeddable":true,"href":"https:\/\/encuentroinformativo.com.mx\/index.php?rest_route=%2Fwp%2Fv2%2Fcategories&post=54771"},{"taxonomy":"post_tag","embeddable":true,"href":"https:\/\/encuentroinformativo.com.mx\/index.php?rest_route=%2Fwp%2Fv2%2Ftags&post=54771"}],"curies":[{"name":"wp","href":"https:\/\/api.w.org\/{rel}","templated":true}]}}