{"id":54777,"date":"2024-05-22T16:52:00","date_gmt":"2024-05-22T22:52:00","guid":{"rendered":"https:\/\/encuentroinformativo.com.mx\/?p=54777"},"modified":"2024-05-22T16:52:07","modified_gmt":"2024-05-22T22:52:07","slug":"presunto-estudiante-de-la-uv-es-encontrado-sin-vida-en-plaza-americas-de-veracruz","status":"publish","type":"post","link":"https:\/\/encuentroinformativo.com.mx\/?p=54777","title":{"rendered":"Presunto estudiante de la UV es encontrado sin vida en Plaza Am\u00e9ricas de Veracruz"},"content":{"rendered":"\n<p><strong>Alejandro \u00c1vila<\/strong><\/p>\n\n\n\n<p><strong>Fotos: <\/strong>Sergio Aldazaba\/Cortes\u00eda <\/p>\n\n\n\n<p>Boca del R\u00edo, Ver.- Un joven de aproximadamente 20 a\u00f1os y presuntamente estudiante de la Universidad Veracruzana, fue encontrado sin vida la ma\u00f1ana de este mi\u00e9rcoles en el centro comercial Plaza Am\u00e9ricas del municipio de Boca del R\u00edo.<\/p>\n\n\n\n<p>El joven fue encontrado por empleados del centro comercial con huellas de violencia en la azotea de uno de los pasillos, inmediatamente los trabajadores dieron aviso al n\u00famero de emergencias 911, por lo que elementos de la Polic\u00eda Municipal, Estatal y Naval se dieron cita en el complejo de negocios.<\/p>\n\n\n\n<p>De manera extraoficial una fuente en el lugar indic\u00f3 que se trataba de un muchacho de entre 20 y 25 a\u00f1os, el cual vest\u00eda de negro, presentaba m\u00faltiples golpes y cerca de \u00e9l hab\u00eda indicios con rastros de sangre.<\/p>\n\n\n\n<p>As\u00ed mismo, trascendi\u00f3 que el joven asesinado ser\u00eda un estudiante de nombre Jorge Shaddai R. A. de 19 a\u00f1os de edad, quien aparentemente era de la Universidad Veracruzana en la conurbaci\u00f3n.<\/p>\n\n\n\n<p>Detectives de la Polic\u00eda Ministerial llegaron hasta dicho sitio para tomar posesi\u00f3n de la cadena de custodia e iniciar con la integraci\u00f3n de la carpeta de investigaci\u00f3n para esclarecer este homicidio.<\/p>\n\n\n\n<p>La plaza continu\u00f3 sus actividades en normalidad al ser una zona donde no hay negocios, en tanto personal de la direcci\u00f3n de servicios periciales retir\u00f3 el cuerpo a las instalaciones del SEMEFO en Boca del R\u00edo.<\/p>\n\n\n\n<p>Cabe se\u00f1alar que los polic\u00edas ministeriales ya trabajan para obtener las im\u00e1genes de las c\u00e1maras de vigilancia para tener pistas m\u00e1s claras de quien o quienes pudieron ser los responsables de este crimen.<\/p>\n\n\n\n<figure class=\"wp-block-image size-large\"><img loading=\"lazy\" decoding=\"async\" width=\"1024\" height=\"768\" src=\"https:\/\/encuentroinformativo.com.mx\/wp-content\/uploads\/2024\/05\/IMG-20240522-WA0089-1024x768.jpg\" alt=\"\" class=\"wp-image-54779\" srcset=\"https:\/\/encuentroinformativo.com.mx\/wp-content\/uploads\/2024\/05\/IMG-20240522-WA0089-1024x768.jpg 1024w, https:\/\/encuentroinformativo.com.mx\/wp-content\/uploads\/2024\/05\/IMG-20240522-WA0089-300x225.jpg 300w, https:\/\/encuentroinformativo.com.mx\/wp-content\/uploads\/2024\/05\/IMG-20240522-WA0089-768x576.jpg 768w, https:\/\/encuentroinformativo.com.mx\/wp-content\/uploads\/2024\/05\/IMG-20240522-WA0089-1536x1152.jpg 1536w, https:\/\/encuentroinformativo.com.mx\/wp-content\/uploads\/2024\/05\/IMG-20240522-WA0089.jpg 1600w\" sizes=\"auto, (max-width: 1024px) 100vw, 1024px\" \/><\/figure>\n","protected":false},"excerpt":{"rendered":"<p>Alejandro \u00c1vila Fotos: Sergio Aldazaba\/Cortes\u00eda Boca del R\u00edo, Ver.- Un joven de aproximadamente 20 a\u00f1os y presuntamente estudiante de la Universidad Veracruzana, fue encontrado sin vida la ma\u00f1ana de este mi\u00e9rcoles en el centro comercial Plaza Am\u00e9ricas del municipio de Boca del R\u00edo. El joven fue encontrado por empleados del centro comercial con huellas de [&hellip;]<\/p>\n","protected":false},"author":2476,"featured_media":54778,"comment_status":"open","ping_status":"open","sticky":false,"template":"","format":"standard","meta":{"_jetpack_memberships_contains_paid_content":false,"footnotes":""},"categories":[2],"tags":[],"class_list":["post-54777","post","type-post","status-publish","format-standard","has-post-thumbnail","hentry","category-estado"],"jetpack_featured_media_url":"https:\/\/encuentroinformativo.com.mx\/wp-content\/uploads\/2024\/05\/IMG-20240522-WA0090.jpg","jetpack_sharing_enabled":true,"jetpack_likes_enabled":true,"amp_enabled":true,"_links":{"self":[{"href":"https:\/\/encuentroinformativo.com.mx\/index.php?rest_route=\/wp\/v2\/posts\/54777","targetHints":{"allow":["GET"]}}],"collection":[{"href":"https:\/\/encuentroinformativo.com.mx\/index.php?rest_route=\/wp\/v2\/posts"}],"about":[{"href":"https:\/\/encuentroinformativo.com.mx\/index.php?rest_route=\/wp\/v2\/types\/post"}],"author":[{"embeddable":true,"href":"https:\/\/encuentroinformativo.com.mx\/index.php?rest_route=\/wp\/v2\/users\/2476"}],"replies":[{"embeddable":true,"href":"https:\/\/encuentroinformativo.com.mx\/index.php?rest_route=%2Fwp%2Fv2%2Fcomments&post=54777"}],"version-history":[{"count":1,"href":"https:\/\/encuentroinformativo.com.mx\/index.php?rest_route=\/wp\/v2\/posts\/54777\/revisions"}],"predecessor-version":[{"id":54780,"href":"https:\/\/encuentroinformativo.com.mx\/index.php?rest_route=\/wp\/v2\/posts\/54777\/revisions\/54780"}],"wp:featuredmedia":[{"embeddable":true,"href":"https:\/\/encuentroinformativo.com.mx\/index.php?rest_route=\/wp\/v2\/media\/54778"}],"wp:attachment":[{"href":"https:\/\/encuentroinformativo.com.mx\/index.php?rest_route=%2Fwp%2Fv2%2Fmedia&parent=54777"}],"wp:term":[{"taxonomy":"category","embeddable":true,"href":"https:\/\/encuentroinformativo.com.mx\/index.php?rest_route=%2Fwp%2Fv2%2Fcategories&post=54777"},{"taxonomy":"post_tag","embeddable":true,"href":"https:\/\/encuentroinformativo.com.mx\/index.php?rest_route=%2Fwp%2Fv2%2Ftags&post=54777"}],"curies":[{"name":"wp","href":"https:\/\/api.w.org\/{rel}","templated":true}]}}