{"id":54784,"date":"2024-05-22T18:44:53","date_gmt":"2024-05-23T00:44:53","guid":{"rendered":"https:\/\/encuentroinformativo.com.mx\/?p=54784"},"modified":"2024-05-22T18:45:02","modified_gmt":"2024-05-23T00:45:02","slug":"captura-policia-estatal-durante-enfrentamiento-a-dos-generadores-de-violencia-en-cuitlahuac","status":"publish","type":"post","link":"https:\/\/encuentroinformativo.com.mx\/?p=54784","title":{"rendered":"Captura Polic\u00eda Estatal durante enfrentamiento a dos generadores de violencia en Cuitl\u00e1huac"},"content":{"rendered":"\n<p>* En el lugar fueron abatidos dos delincuentes.<\/p>\n\n\n\n<p>Xalapa, Ver.- La r\u00e1pida acci\u00f3n de los efectivos de los elementos de la Secretar\u00eda de Seguridad P\u00fablica (SSP), a trav\u00e9s de Polic\u00eda Estatal permiti\u00f3 la captura de dos generadores de violencia por delitos contra las instituciones, portaci\u00f3n ilegal de armas de fuego, as\u00ed como dos delincuentes abatidos en el lugar.<\/p>\n\n\n\n<p>Los uniformados realizaban recorridos en la localidad Mata Clara de Cuitl\u00e1huac, cuando observaron a cuatro sujetos junto a una motocicleta Vento, sin placas. En se momento los individuos realizaron disparos contra los oficiales, quienes repelieron de inmediato la agresi\u00f3n.<\/p>\n\n\n\n<p>En el lugar fueron abatidos dos agresores y se detuvieron a Silvino \u201cN\u201d y V\u00edctor Manuel \u201cN\u201d, alias \u201cel coreano\u201d, cabe se\u00f1alar que uno de ellos result\u00f3 lesionado durante el intercambio de disparos.<\/p>\n\n\n\n<p>Asimismo, al realizarles una revisi\u00f3n a sus pertenencias les aseguraron dos armas de fuego cortas, quedando a disposici\u00f3n de la autoridad correspondiente, para los tr\u00e1mites de ley.<\/p>\n\n\n\n<p>El sujeto lesionado fue canalizado a los servicios de salud para recibir la atenci\u00f3n m\u00e9dica en calidad de detenido.<\/p>\n\n\n\n<figure class=\"wp-block-image size-large\"><img loading=\"lazy\" decoding=\"async\" width=\"1024\" height=\"768\" src=\"https:\/\/encuentroinformativo.com.mx\/wp-content\/uploads\/2024\/05\/IMG-20240522-WA0146-1024x768.jpg\" alt=\"\" class=\"wp-image-54786\" srcset=\"https:\/\/encuentroinformativo.com.mx\/wp-content\/uploads\/2024\/05\/IMG-20240522-WA0146-1024x768.jpg 1024w, https:\/\/encuentroinformativo.com.mx\/wp-content\/uploads\/2024\/05\/IMG-20240522-WA0146-300x225.jpg 300w, https:\/\/encuentroinformativo.com.mx\/wp-content\/uploads\/2024\/05\/IMG-20240522-WA0146-768x576.jpg 768w, https:\/\/encuentroinformativo.com.mx\/wp-content\/uploads\/2024\/05\/IMG-20240522-WA0146-1536x1152.jpg 1536w, https:\/\/encuentroinformativo.com.mx\/wp-content\/uploads\/2024\/05\/IMG-20240522-WA0146.jpg 1600w\" sizes=\"auto, (max-width: 1024px) 100vw, 1024px\" \/><\/figure>\n","protected":false},"excerpt":{"rendered":"<p>* En el lugar fueron abatidos dos delincuentes. Xalapa, Ver.- La r\u00e1pida acci\u00f3n de los efectivos de los elementos de la Secretar\u00eda de Seguridad P\u00fablica (SSP), a trav\u00e9s de Polic\u00eda Estatal permiti\u00f3 la captura de dos generadores de violencia por delitos contra las instituciones, portaci\u00f3n ilegal de armas de fuego, as\u00ed como dos delincuentes abatidos [&hellip;]<\/p>\n","protected":false},"author":2476,"featured_media":54785,"comment_status":"open","ping_status":"open","sticky":false,"template":"","format":"standard","meta":{"_jetpack_memberships_contains_paid_content":false,"footnotes":""},"categories":[14],"tags":[],"class_list":["post-54784","post","type-post","status-publish","format-standard","has-post-thumbnail","hentry","category-policiaca"],"jetpack_featured_media_url":"https:\/\/encuentroinformativo.com.mx\/wp-content\/uploads\/2024\/05\/IMG-20240522-WA0148.jpg","jetpack_sharing_enabled":true,"jetpack_likes_enabled":true,"amp_enabled":true,"_links":{"self":[{"href":"https:\/\/encuentroinformativo.com.mx\/index.php?rest_route=\/wp\/v2\/posts\/54784","targetHints":{"allow":["GET"]}}],"collection":[{"href":"https:\/\/encuentroinformativo.com.mx\/index.php?rest_route=\/wp\/v2\/posts"}],"about":[{"href":"https:\/\/encuentroinformativo.com.mx\/index.php?rest_route=\/wp\/v2\/types\/post"}],"author":[{"embeddable":true,"href":"https:\/\/encuentroinformativo.com.mx\/index.php?rest_route=\/wp\/v2\/users\/2476"}],"replies":[{"embeddable":true,"href":"https:\/\/encuentroinformativo.com.mx\/index.php?rest_route=%2Fwp%2Fv2%2Fcomments&post=54784"}],"version-history":[{"count":1,"href":"https:\/\/encuentroinformativo.com.mx\/index.php?rest_route=\/wp\/v2\/posts\/54784\/revisions"}],"predecessor-version":[{"id":54787,"href":"https:\/\/encuentroinformativo.com.mx\/index.php?rest_route=\/wp\/v2\/posts\/54784\/revisions\/54787"}],"wp:featuredmedia":[{"embeddable":true,"href":"https:\/\/encuentroinformativo.com.mx\/index.php?rest_route=\/wp\/v2\/media\/54785"}],"wp:attachment":[{"href":"https:\/\/encuentroinformativo.com.mx\/index.php?rest_route=%2Fwp%2Fv2%2Fmedia&parent=54784"}],"wp:term":[{"taxonomy":"category","embeddable":true,"href":"https:\/\/encuentroinformativo.com.mx\/index.php?rest_route=%2Fwp%2Fv2%2Fcategories&post=54784"},{"taxonomy":"post_tag","embeddable":true,"href":"https:\/\/encuentroinformativo.com.mx\/index.php?rest_route=%2Fwp%2Fv2%2Ftags&post=54784"}],"curies":[{"name":"wp","href":"https:\/\/api.w.org\/{rel}","templated":true}]}}