{"id":5479,"date":"2020-09-02T20:09:48","date_gmt":"2020-09-03T01:09:48","guid":{"rendered":"https:\/\/encuentroinformativo.com\/?p=5479"},"modified":"2020-09-02T20:09:51","modified_gmt":"2020-09-03T01:09:51","slug":"asume-almirante-ledezma-direccion-de-apiver","status":"publish","type":"post","link":"https:\/\/encuentroinformativo.com.mx\/?p=5479","title":{"rendered":"Asume almirante Ledezma direcci\u00f3n de APIVER"},"content":{"rendered":"\n<p><strong>Juan Arcos <\/strong><\/p>\n\n\n\n<p>Xalapa, Ver.- El almirante de la Secretar\u00eda de Marina Armada de M\u00e9xico, Romel Eduardo Ledezma Abaroa, asumi\u00f3 la Direcci\u00f3n de la Administraci\u00f3n Portuaria Integral de Veracruz (APIVER).<\/p>\n\n\n\n<p>El nombramiento fue propuesto directamente por el presidente de la Rep\u00fablica, Andr\u00e9s Manuel L\u00f3pez Obrador, para sustituir en el cargo a Miguel Angel Y\u00e1\u00f1ez Monroy.<\/p>\n\n\n\n<p>La toma de protesta se llev\u00f3 a cabo de manera virtual, con la presencia de la coordinadora general de Puertos y Marina Mercante, Rosa Icela Rodr\u00edguez Vel\u00e1zquez.<\/p>\n\n\n\n<p>El cambio directivo ocurri\u00f3 despu\u00e9s de los se\u00f1alamientos por parte del titular del Poder Ejecutivo federal sobre anomal\u00edas en el otorgamiento de una concesi\u00f3n a APIVER por 50 a\u00f1os m\u00e1s.<\/p>\n\n\n\n<p>El pasado 18 de agosto, L\u00f3pez Obrador indic\u00f3 que intentar\u00eda revocar la concesi\u00f3n a 100 a\u00f1os en manos de APIVER, para el manejo del puerto de Veracruz, una de las principales terminales mar\u00edtimas del pa\u00eds.<\/p>\n\n\n\n<p>\u201cMe acabo de enterar de que el puerto de Veracruz se lo concesionaron a una empresa, primero, por 50 a\u00f1os, y 10 d\u00edas despu\u00e9s que ganamos esa empresa recibi\u00f3 otra concesi\u00f3n ampli\u00e1ndole el plazo a 50 a\u00f1os m\u00e1s. Imag\u00ednense, una concesi\u00f3n del puerto de Veracruz de un siglo \u00bfC\u00f3mo es que firmaron eso?\u201d, cuestion\u00f3 el Presidente en ese momento.<\/p>\n\n\n\n<p>Adem\u00e1s, ha declarado que las anomal\u00edas en los puertos del pa\u00eds, incluido el de Veracruz, han desatado homicidios, pues, el pasado 22 de agosto, fue asesinado, en Boca del R\u00edo, Rodolfo Pallares Herr\u00e1n, contraalmirante en retiro de la Secretar\u00eda de Marina Armada de M\u00e9xico.<\/p>\n\n\n\n<p>\u201cAsesinaron a un exalmirante en Veracruz, trabajaba en una de las empresas del puerto y se est\u00e1 haciendo la investigaci\u00f3n, no s\u00f3lo en el caso del puerto de Veracruz, en todos los puertos, es un asunto que no requiere de mucha investigaci\u00f3n, es de juicio pr\u00e1ctico, de sentido com\u00fan\u201d, refiri\u00f3 AMLO.<\/p>\n\n\n\n<p>Cabe recordar que el senador veracruzano Julen Rementer\u00eda del Puerto ha declarado que el mandatario federal no puede cancelar la concesi\u00f3n de APIVER, debido a que es una instituci\u00f3n del propio gobierno.<\/p>\n\n\n\n<p>El Legislador del Partido Acci\u00f3n Nacional (PAN) indic\u00f3 que dicha Administraci\u00f3n Portuaria es una empresa de participaci\u00f3n estatal mayoritaria, constituida el 15 de diciembre de 1993, mediante escritura p\u00fablica n\u00famero 30119, donde los accionistas \u00fanicos son: el Banco Nacional de Obras y Servicios P\u00fablicos (BANOBRAS) -cuya entidad superior es la Secretar\u00eda de Hacienda y Cr\u00e9dito P\u00fablico (SHCP)-, la Secretar\u00eda de la Funci\u00f3n P\u00fablica y el mismo gobierno federal.<\/p>\n\n\n\n<p>Record\u00f3 que APIVER brinda 40 mil empleos, de manera directa, y 100 mil, de manera indirecta, por lo que, en caso de su desaparici\u00f3n, ser\u00eda significativa la afectaci\u00f3n econ\u00f3mica en miles de familias.<\/p>\n\n\n\n<p>Tras el nombramiento de este mi\u00e9rcoles, el gobernador de Veracruz, Cuitl\u00e1huac Garc\u00eda Jim\u00e9nez, dio la bienvenida al Almirante Romel Ledezma Abaroa, como Director General de APIVER, quien fue propuesto por L\u00f3pez Obrador y designado por el Consejo de Administraci\u00f3n del organismo en sesi\u00f3n extraordinaria.<\/p>\n\n\n\n<p>\u201cEstamos seguros que se har\u00e1 un gran trabajo con el fin de erradicar la corrupci\u00f3n y las malas pr\u00e1cticas en el Puerto\u201d, coment\u00f3 el mandatario estatal en su cuenta oficial de Twitter.\u00a0<\/p>\n\n\n\n<p>Cabe destacar que Eduardo Ledezma Abaroa naci\u00f3 el 7 de agosto de 1972, es originario de La Paz, Estado de Baja California, y egres\u00f3 de la Heroica Escuela Naval Militar como ingeniero en Ciencias Navales.Tambi\u00e9n ha fungido como agregado naval de la Embajada de M\u00e9xico en Rusia; comandante del Sector Naval de Los Cabos, Baja California; director de la Heroica Escuela Naval Militar; comandante de la XI Zona Naval, con sede en Chetumal, Quintana Roo; y comandante de la Segunda y la Primera Regi\u00f3n Naval.<\/p>\n\n\n\n<p><\/p>\n\n\n\n<p><strong>Foto: <\/strong>Redes Sociales <\/p>\n","protected":false},"excerpt":{"rendered":"<p>Juan Arcos Xalapa, Ver.- El almirante de la Secretar\u00eda de Marina Armada de M\u00e9xico, Romel Eduardo Ledezma Abaroa, asumi\u00f3 la Direcci\u00f3n de la Administraci\u00f3n Portuaria Integral de Veracruz (APIVER). El nombramiento fue propuesto directamente por el presidente de la Rep\u00fablica, Andr\u00e9s Manuel L\u00f3pez Obrador, para sustituir en el cargo a Miguel Angel Y\u00e1\u00f1ez Monroy. La [&hellip;]<\/p>\n","protected":false},"author":1,"featured_media":5480,"comment_status":"open","ping_status":"open","sticky":false,"template":"","format":"standard","meta":{"_jetpack_memberships_contains_paid_content":false,"footnotes":""},"categories":[2],"tags":[],"class_list":["post-5479","post","type-post","status-publish","format-standard","has-post-thumbnail","hentry","category-estado"],"jetpack_featured_media_url":"https:\/\/encuentroinformativo.com.mx\/wp-content\/uploads\/2020\/09\/E3C0EAC5-1275-416B-BD1B-E5630D4F66D6.jpeg","jetpack_sharing_enabled":true,"jetpack_likes_enabled":true,"amp_enabled":true,"_links":{"self":[{"href":"https:\/\/encuentroinformativo.com.mx\/index.php?rest_route=\/wp\/v2\/posts\/5479","targetHints":{"allow":["GET"]}}],"collection":[{"href":"https:\/\/encuentroinformativo.com.mx\/index.php?rest_route=\/wp\/v2\/posts"}],"about":[{"href":"https:\/\/encuentroinformativo.com.mx\/index.php?rest_route=\/wp\/v2\/types\/post"}],"author":[{"embeddable":true,"href":"https:\/\/encuentroinformativo.com.mx\/index.php?rest_route=\/wp\/v2\/users\/1"}],"replies":[{"embeddable":true,"href":"https:\/\/encuentroinformativo.com.mx\/index.php?rest_route=%2Fwp%2Fv2%2Fcomments&post=5479"}],"version-history":[{"count":1,"href":"https:\/\/encuentroinformativo.com.mx\/index.php?rest_route=\/wp\/v2\/posts\/5479\/revisions"}],"predecessor-version":[{"id":5481,"href":"https:\/\/encuentroinformativo.com.mx\/index.php?rest_route=\/wp\/v2\/posts\/5479\/revisions\/5481"}],"wp:featuredmedia":[{"embeddable":true,"href":"https:\/\/encuentroinformativo.com.mx\/index.php?rest_route=\/wp\/v2\/media\/5480"}],"wp:attachment":[{"href":"https:\/\/encuentroinformativo.com.mx\/index.php?rest_route=%2Fwp%2Fv2%2Fmedia&parent=5479"}],"wp:term":[{"taxonomy":"category","embeddable":true,"href":"https:\/\/encuentroinformativo.com.mx\/index.php?rest_route=%2Fwp%2Fv2%2Fcategories&post=5479"},{"taxonomy":"post_tag","embeddable":true,"href":"https:\/\/encuentroinformativo.com.mx\/index.php?rest_route=%2Fwp%2Fv2%2Ftags&post=5479"}],"curies":[{"name":"wp","href":"https:\/\/api.w.org\/{rel}","templated":true}]}}