{"id":54794,"date":"2024-05-23T09:33:08","date_gmt":"2024-05-23T15:33:08","guid":{"rendered":"https:\/\/encuentroinformativo.com.mx\/?p=54794"},"modified":"2024-05-23T09:33:15","modified_gmt":"2024-05-23T15:33:15","slug":"vamos-con-paso-firme-hacia-el-triunfo-americo-zuniga","status":"publish","type":"post","link":"https:\/\/encuentroinformativo.com.mx\/?p=54794","title":{"rendered":"Vamos con paso firme hacia el triunfo: Am\u00e9rico Z\u00fa\u00f1iga"},"content":{"rendered":"\n<ul class=\"wp-block-list\"><li>Las encuestas marcan una clara tendencia ganadora<\/li><\/ul>\n\n\n\n<p>Xalapa, Ver.- \u00a1Vienen tiempos mejores! Gracias a tu apoyo y tu confianza, vamos con paso firme hacia el triunfo, destac\u00f3 Am\u00e9rico Z\u00fa\u00f1iga Mart\u00ednez, candidato a la diputaci\u00f3n federal por el Distrito X de Xalapa.<\/p>\n\n\n\n<p>&#8220;Ganas t\u00fa y ganar\u00e1 tu familia: recuperaremos la tranquilidad, tendremos mejor atenci\u00f3n en salud, educaci\u00f3n y empleos&#8221;, manifest\u00f3 el abanderado de la coalici\u00f3n Fuerza y Coraz\u00f3n por M\u00e9xico.<\/p>\n\n\n\n<p>Al participar en un evento que congreg\u00f3 a cientos de personas y que fue encabezado por el candidato a la gubernatura de Veracruz, Jos\u00e9 Francisco Yunes Zorrilla, Z\u00fa\u00f1iga Mart\u00ednez dijo: &#8220;M\u00e9xico con X\u00f3chitl, Veracruz con Pepe Yunes y Xalapa con un servidor. As\u00ed es como vamos a darle a cada familia, lo que merecen: una vida con prosperidad de verdad&#8221;.<\/p>\n\n\n\n<p>En su intervenci\u00f3n, manifest\u00f3 que hoy se est\u00e1 de fiesta porque los n\u00fameros y las encuestas marcan una tendencia ganadora, &#8220;hoy, despu\u00e9s de cerca de tres meses, no ha habido una semana que nuestro candidato de la coalici\u00f3n Fuerza y Coraz\u00f3n por M\u00e9xico no aumente en preferencia y no ha habido una semana que la candidata de Zacatecas no haya bajado, se est\u00e1 desplomando en Xalapa y Veracruz&#8221;.<\/p>\n\n\n\n<p>En el evento masivo que se llev\u00f3 a cabo en la zona del parque Adoqu\u00edn, de la calle Herminio Caba\u00f1as Le\u00f3n en la colonia Rafael Lucio, estuvieron los candidatos a las diputaciones locales por Xalapa, Adriana Rojano Pazzi y Sergio Hern\u00e1ndez Hern\u00e1ndez, as\u00ed como la candidata al Senado, Sara Ladr\u00f3n de Guevara.<\/p>\n\n\n\n<p>Ah\u00ed, subray\u00f3 que en Xalapa y en Veracruz, Morena se tambalea, adem\u00e1s de que la gente no caer\u00e1 en las mentiras y la demagogia. &#8220;Hoy en Veracruz se ha perdido la capacidad de escuchar y atender, de gobernar y progresar&#8221;.<\/p>\n\n\n\n<p>Tambi\u00e9n acudi\u00f3 el ex gobernador Miguel \u00c1ngel Yunes Linares y su hijo Fernando Yunes M\u00e1rquez. Adem\u00e1s de personalidades de la politica nacional de la talla de Gustavo Madero y Cecilia Soto, entre muchos liderazgos pol\u00edticos, acad\u00e9micos y sociales.<\/p>\n","protected":false},"excerpt":{"rendered":"<p>Las encuestas marcan una clara tendencia ganadora Xalapa, Ver.- \u00a1Vienen tiempos mejores! Gracias a tu apoyo y tu confianza, vamos con paso firme hacia el triunfo, destac\u00f3 Am\u00e9rico Z\u00fa\u00f1iga Mart\u00ednez, candidato a la diputaci\u00f3n federal por el Distrito X de Xalapa. &#8220;Ganas t\u00fa y ganar\u00e1 tu familia: recuperaremos la tranquilidad, tendremos mejor atenci\u00f3n en salud, [&hellip;]<\/p>\n","protected":false},"author":2476,"featured_media":54795,"comment_status":"open","ping_status":"open","sticky":false,"template":"","format":"standard","meta":{"_jetpack_memberships_contains_paid_content":false,"footnotes":""},"categories":[3],"tags":[],"class_list":["post-54794","post","type-post","status-publish","format-standard","has-post-thumbnail","hentry","category-xalapa"],"jetpack_featured_media_url":"https:\/\/encuentroinformativo.com.mx\/wp-content\/uploads\/2024\/05\/IMG-20240523-WA0002-scaled.jpg","jetpack_sharing_enabled":true,"jetpack_likes_enabled":true,"amp_enabled":true,"_links":{"self":[{"href":"https:\/\/encuentroinformativo.com.mx\/index.php?rest_route=\/wp\/v2\/posts\/54794","targetHints":{"allow":["GET"]}}],"collection":[{"href":"https:\/\/encuentroinformativo.com.mx\/index.php?rest_route=\/wp\/v2\/posts"}],"about":[{"href":"https:\/\/encuentroinformativo.com.mx\/index.php?rest_route=\/wp\/v2\/types\/post"}],"author":[{"embeddable":true,"href":"https:\/\/encuentroinformativo.com.mx\/index.php?rest_route=\/wp\/v2\/users\/2476"}],"replies":[{"embeddable":true,"href":"https:\/\/encuentroinformativo.com.mx\/index.php?rest_route=%2Fwp%2Fv2%2Fcomments&post=54794"}],"version-history":[{"count":1,"href":"https:\/\/encuentroinformativo.com.mx\/index.php?rest_route=\/wp\/v2\/posts\/54794\/revisions"}],"predecessor-version":[{"id":54796,"href":"https:\/\/encuentroinformativo.com.mx\/index.php?rest_route=\/wp\/v2\/posts\/54794\/revisions\/54796"}],"wp:featuredmedia":[{"embeddable":true,"href":"https:\/\/encuentroinformativo.com.mx\/index.php?rest_route=\/wp\/v2\/media\/54795"}],"wp:attachment":[{"href":"https:\/\/encuentroinformativo.com.mx\/index.php?rest_route=%2Fwp%2Fv2%2Fmedia&parent=54794"}],"wp:term":[{"taxonomy":"category","embeddable":true,"href":"https:\/\/encuentroinformativo.com.mx\/index.php?rest_route=%2Fwp%2Fv2%2Fcategories&post=54794"},{"taxonomy":"post_tag","embeddable":true,"href":"https:\/\/encuentroinformativo.com.mx\/index.php?rest_route=%2Fwp%2Fv2%2Ftags&post=54794"}],"curies":[{"name":"wp","href":"https:\/\/api.w.org\/{rel}","templated":true}]}}