{"id":548,"date":"2020-03-09T11:53:41","date_gmt":"2020-03-09T17:53:41","guid":{"rendered":"https:\/\/encuentroinformativo.com\/?p=548"},"modified":"2020-03-09T11:53:41","modified_gmt":"2020-03-09T17:53:41","slug":"vendedoras-acusan-agresiones-por-personal-del-ayuntamiento","status":"publish","type":"post","link":"https:\/\/encuentroinformativo.com.mx\/?p=548","title":{"rendered":"Vendedoras acusan agresiones por personal del Ayuntamiento"},"content":{"rendered":"\n<p><strong>Dar\u00edo Pale<\/strong><\/p>\n\n\n\n<p>Xalapa, Ver.- La diputada federal de Morena Claudia Tello Espinosa acompa\u00f1ado a las integrantes de los Vendedores Independientes de Veracruzanos, Karina Morales Ru\u00edz, se manifestaron este lunes en la Plaza Sebasti\u00e1n Lerdo de Tejada para denunciar que han sido v\u00edctimas de robo de mercanc\u00eda cuando son reubicadas por el Ayuntamiento de Xalapa.<\/p>\n\n\n\n<p>En conferencia de prensa realizada en conocido caf\u00e9 del centro de Xalapa dio a conocer que han sido agredidas pero personal del ayuntamiento, &#8220;como vendedoras de la v\u00eda p\u00fablica hemos sido agredidas f\u00edsicamente y tambi\u00e9n verbalmente por este Ayuntamiento de Xalapa, por los inspectores de Comercio. Estamos aqu\u00ed pidiendo que se nos deje trabajar en nuestros lugares como lo hemos hecho durante muchos a\u00f1os para mantener a nuestras familias&#8221;.<\/p>\n\n\n\n<p>Dio a conocer que muchas vendedoras han sido desalojadas de su lugar de trabajo, pese a que son madres solteras y lo \u00fanico que tienen para sobrevivir es su trabajo para sacar adelante a sus hijos, por lo que no son delincuentes y lo \u00fanico que que quieren es que pare la reprensi\u00f3n.<\/p>\n\n\n\n<p>Le recordaron al alcalde que en su campa\u00f1a se comprometi\u00f3 ayudarlas ya que estaba consciente de sus necesidades como mujeres y cabeza de familia, por lo que solicitaron acudiendo iba con el gobernador del estado para que los escuche y se detenga la represi\u00f3n a las vendedoras y el robo de mercanc\u00eda.<\/p>\n\n\n\n<p>Por \u00faltimo la diputada federal se sum\u00f3 al movimiento de mujeres como la movilizaci\u00f3n que se realiz\u00f3 el d\u00eda de ayer en todo el pa\u00eds en cont ra de la violencia de g\u00e9nero que existe en la actualidad.<\/p>\n\n\n\n<p>Finalmente aclar\u00f3 que no es una lucha en contra de los hombre, es una lucha que se ha estado gestando y creando por una situaci\u00f3n social que es el patriarcado, el machismo el cual se resolver\u00e1 desde la escuela y la familia ya que M\u00e9xico necesita cambiar su manera de pensar en relaci\u00f3n a la mujer.<\/p>\n\n\n\n<p>Cabe mencionar que la Subdirecci\u00f3n de Comercio analiza la reubicaci\u00f3n de las vendedoras de la calle Poeta Jes\u00fas D\u00edaz, a lo que las representantes de esta agrupaci\u00f3n dicen no estar cerrados.<\/p>\n\n\n\n<p><\/p>\n","protected":false},"excerpt":{"rendered":"<p>Dar\u00edo Pale Xalapa, Ver.- La diputada federal de Morena Claudia Tello Espinosa acompa\u00f1ado a las integrantes de los Vendedores Independientes de Veracruzanos, Karina Morales Ru\u00edz, se manifestaron este lunes en la Plaza Sebasti\u00e1n Lerdo de Tejada para denunciar que han sido v\u00edctimas de robo de mercanc\u00eda cuando son reubicadas por el Ayuntamiento de Xalapa. En [&hellip;]<\/p>\n","protected":false},"author":1,"featured_media":549,"comment_status":"open","ping_status":"open","sticky":false,"template":"","format":"standard","meta":{"_jetpack_memberships_contains_paid_content":false,"footnotes":""},"categories":[3],"tags":[],"class_list":["post-548","post","type-post","status-publish","format-standard","has-post-thumbnail","hentry","category-xalapa"],"jetpack_featured_media_url":"https:\/\/encuentroinformativo.com.mx\/wp-content\/uploads\/2020\/03\/4BACA66C-03AC-4E1A-9B6E-DAA54EC930E8.jpeg","jetpack_sharing_enabled":true,"jetpack_likes_enabled":true,"amp_enabled":true,"_links":{"self":[{"href":"https:\/\/encuentroinformativo.com.mx\/index.php?rest_route=\/wp\/v2\/posts\/548","targetHints":{"allow":["GET"]}}],"collection":[{"href":"https:\/\/encuentroinformativo.com.mx\/index.php?rest_route=\/wp\/v2\/posts"}],"about":[{"href":"https:\/\/encuentroinformativo.com.mx\/index.php?rest_route=\/wp\/v2\/types\/post"}],"author":[{"embeddable":true,"href":"https:\/\/encuentroinformativo.com.mx\/index.php?rest_route=\/wp\/v2\/users\/1"}],"replies":[{"embeddable":true,"href":"https:\/\/encuentroinformativo.com.mx\/index.php?rest_route=%2Fwp%2Fv2%2Fcomments&post=548"}],"version-history":[{"count":1,"href":"https:\/\/encuentroinformativo.com.mx\/index.php?rest_route=\/wp\/v2\/posts\/548\/revisions"}],"predecessor-version":[{"id":550,"href":"https:\/\/encuentroinformativo.com.mx\/index.php?rest_route=\/wp\/v2\/posts\/548\/revisions\/550"}],"wp:featuredmedia":[{"embeddable":true,"href":"https:\/\/encuentroinformativo.com.mx\/index.php?rest_route=\/wp\/v2\/media\/549"}],"wp:attachment":[{"href":"https:\/\/encuentroinformativo.com.mx\/index.php?rest_route=%2Fwp%2Fv2%2Fmedia&parent=548"}],"wp:term":[{"taxonomy":"category","embeddable":true,"href":"https:\/\/encuentroinformativo.com.mx\/index.php?rest_route=%2Fwp%2Fv2%2Fcategories&post=548"},{"taxonomy":"post_tag","embeddable":true,"href":"https:\/\/encuentroinformativo.com.mx\/index.php?rest_route=%2Fwp%2Fv2%2Ftags&post=548"}],"curies":[{"name":"wp","href":"https:\/\/api.w.org\/{rel}","templated":true}]}}