{"id":54800,"date":"2024-05-23T12:04:45","date_gmt":"2024-05-23T18:04:45","guid":{"rendered":"https:\/\/encuentroinformativo.com.mx\/?p=54800"},"modified":"2024-05-23T12:04:51","modified_gmt":"2024-05-23T18:04:51","slug":"que-se-investigue-y-se-castigue-a-responsable-por-tragedia-en-evento-de-maynez-polo-deschamps","status":"publish","type":"post","link":"https:\/\/encuentroinformativo.com.mx\/?p=54800","title":{"rendered":"Que se investigue y se castigue a responsable por tragedia en evento de M\u00e1ynez: Polo Deschamps"},"content":{"rendered":"\n<p><strong>Alejandro \u00c1vila<\/strong><\/p>\n\n\n\n<p>Veracruz, Ver.- El candidato a la gubernatura de Veracruz por Movimiento Ciudadano, Hip\u00f3lito Deschamps Espino Barros, mencion\u00f3 que se debe investigar a profundidad y castigar, si existe un responsable de la tragedia suscitada la noche de este mi\u00e9rcoles, durante un evento de Jorge \u00c1lvarez M\u00e1ynez en el estado de Nuevo Le\u00f3n.<\/p>\n\n\n\n<p>Apenas hace unas horas, durante el cierre de campa\u00f1a de Lorenia Canavati, candidata a la alcald\u00eda de San Pedro Garc\u00eda y Garc\u00eda, se desprendi\u00f3 un templete cay\u00f3 sobre el p\u00fablico, dejando un saldo de 8 adultos y un menor fallecido, adem\u00e1s de 121 personas heridas.<\/p>\n\n\n\n<p>&#8220;Yo lo que pedir\u00eda es que se haga un an\u00e1lisis profundo de que fue lo que sucedi\u00f3, todo parece ser como dices, que fue una r\u00e1faga muy violente de aire, cosas que no pasan aqu\u00ed en Veracruz, aqu\u00ed estamos acostumbrados a los nortes muy violentos, pero no esas r\u00e1fagas de la nada, est\u00e1bamos platicando justamente antes de llegar ac\u00e1, que nos ha tocado vivirla en otras partes de la Rep\u00fablica o del mundo, que de repente hay esas r\u00e1fagas de 4 minutos o en ocasiones de 1 minuto y tira todo, todo indica que as\u00ed fue, pero si hay alg\u00fan responsable por el montaje o por algo, obviamente que sea castigado&#8221;, asest\u00f3.<\/p>\n\n\n\n<p>Polo Deschamps dijo que no se ten\u00eda contemplado realizar ninguna actividad este jueves 23 de mayo por respeto a las familias de las personas afectadas en la tragedia; sin embargo, ya se ten\u00edan programados eventos organizados por terceros, como una reuni\u00f3n con empresarios en Veracruz puerto y un foro con universitarios en la ciudad de Xalapa.<\/p>\n","protected":false},"excerpt":{"rendered":"<p>Alejandro \u00c1vila Veracruz, Ver.- El candidato a la gubernatura de Veracruz por Movimiento Ciudadano, Hip\u00f3lito Deschamps Espino Barros, mencion\u00f3 que se debe investigar a profundidad y castigar, si existe un responsable de la tragedia suscitada la noche de este mi\u00e9rcoles, durante un evento de Jorge \u00c1lvarez M\u00e1ynez en el estado de Nuevo Le\u00f3n. Apenas hace [&hellip;]<\/p>\n","protected":false},"author":2476,"featured_media":54801,"comment_status":"open","ping_status":"open","sticky":false,"template":"","format":"standard","meta":{"_jetpack_memberships_contains_paid_content":false,"footnotes":""},"categories":[2,12],"tags":[],"class_list":["post-54800","post","type-post","status-publish","format-standard","has-post-thumbnail","hentry","category-estado","category-nacional"],"jetpack_featured_media_url":"https:\/\/encuentroinformativo.com.mx\/wp-content\/uploads\/2024\/05\/IMG-20240523-WA00392.jpg","jetpack_sharing_enabled":true,"jetpack_likes_enabled":true,"amp_enabled":true,"_links":{"self":[{"href":"https:\/\/encuentroinformativo.com.mx\/index.php?rest_route=\/wp\/v2\/posts\/54800","targetHints":{"allow":["GET"]}}],"collection":[{"href":"https:\/\/encuentroinformativo.com.mx\/index.php?rest_route=\/wp\/v2\/posts"}],"about":[{"href":"https:\/\/encuentroinformativo.com.mx\/index.php?rest_route=\/wp\/v2\/types\/post"}],"author":[{"embeddable":true,"href":"https:\/\/encuentroinformativo.com.mx\/index.php?rest_route=\/wp\/v2\/users\/2476"}],"replies":[{"embeddable":true,"href":"https:\/\/encuentroinformativo.com.mx\/index.php?rest_route=%2Fwp%2Fv2%2Fcomments&post=54800"}],"version-history":[{"count":1,"href":"https:\/\/encuentroinformativo.com.mx\/index.php?rest_route=\/wp\/v2\/posts\/54800\/revisions"}],"predecessor-version":[{"id":54802,"href":"https:\/\/encuentroinformativo.com.mx\/index.php?rest_route=\/wp\/v2\/posts\/54800\/revisions\/54802"}],"wp:featuredmedia":[{"embeddable":true,"href":"https:\/\/encuentroinformativo.com.mx\/index.php?rest_route=\/wp\/v2\/media\/54801"}],"wp:attachment":[{"href":"https:\/\/encuentroinformativo.com.mx\/index.php?rest_route=%2Fwp%2Fv2%2Fmedia&parent=54800"}],"wp:term":[{"taxonomy":"category","embeddable":true,"href":"https:\/\/encuentroinformativo.com.mx\/index.php?rest_route=%2Fwp%2Fv2%2Fcategories&post=54800"},{"taxonomy":"post_tag","embeddable":true,"href":"https:\/\/encuentroinformativo.com.mx\/index.php?rest_route=%2Fwp%2Fv2%2Ftags&post=54800"}],"curies":[{"name":"wp","href":"https:\/\/api.w.org\/{rel}","templated":true}]}}