{"id":54815,"date":"2024-05-23T13:00:47","date_gmt":"2024-05-23T19:00:47","guid":{"rendered":"https:\/\/encuentroinformativo.com.mx\/?p=54815"},"modified":"2024-05-23T13:00:53","modified_gmt":"2024-05-23T19:00:53","slug":"se-suman-organizaciones-de-la-comunidad-lgbttiqa-a-campana-de-pepe-yunes","status":"publish","type":"post","link":"https:\/\/encuentroinformativo.com.mx\/?p=54815","title":{"rendered":"Se suman organizaciones de la comunidad LGBTTIQA a campa\u00f1a de Pepe Yunes"},"content":{"rendered":"\n<p><strong>Dar\u00edo Pale <\/strong><\/p>\n\n\n\n<p>Xalapa, Ver.- La Comunidad LGBTTIQA+ respalda la candidatura de Pepe Yunes, ya que el candidato se comprometi\u00f3 a una serie de reformas a diversos ordenamientos legales para apoyar a este sector de la poblaci\u00f3n, as\u00ed lo dio a conocer el activista Persilval Joshep Mart\u00ednez Farid.<\/p>\n\n\n\n<p>En conferencia de prensa se\u00f1al\u00f3 que, ante la falta de atenci\u00f3n a los miembros de la comunidad LGBTTIQA+ por parte del gobierno de Morena, as\u00ed como la falta de inclusi\u00f3n en las diputaciones, este jueves dieron su respaldo al candidato Jos\u00e9 Francisco Yunes Zorrilla.<\/p>\n\n\n\n<p>Resalt\u00f3 que ante la falta de atenci\u00f3n, de justicia y para exigir las mismas oportunidades que los dem\u00e1s, dieron a conocer que tuvieron una reuni\u00f3n con el candidato de la coalici\u00f3n Fuerza y Coraz\u00f3n por Veracruz.<\/p>\n\n\n\n<p>&#8220;Tuve la oportunidad de que se acercara a su servidor, a la comunidad externando las propuestas que tiene para nuestra poblaci\u00f3n&#8221;, se\u00f1al\u00f3.<\/p>\n\n\n\n<p>&#8220;Es el \u00fanico candidato en el Estado que ha hecho, dentro de su plan de trabajo, desarrollar acciones para nuestra poblaci\u00f3n directa, acciones en materia de seguridad, en materia de salud, para la protecci\u00f3n de los derechos humanos&#8221;, agreg\u00f3.<\/p>\n\n\n\n<p>A\u00f1adi\u00f3 que Pepe Yunes se comprometi\u00f3 a proponer reformas al C\u00f3digo Penal del Estado para tipificar los delitos de odio.<\/p>\n\n\n\n<p>&#8220;Para que podamos juzgar con perspectiva de g\u00e9nero y que se reconozca ante la Ley y ante la Fiscal\u00eda y ante otras instancias que se reconozca a nuestra poblaci\u00f3n, que compete a las identidades&#8221;, asever\u00f3.<\/p>\n\n\n\n<p>La idea es que con las distintas reformas todos sean tratados con perspectiva de g\u00e9nero.<\/p>\n\n\n\n<p>Persilval Joshep Mart\u00ednez Farid dijo que el candidato Pepe se comprometi\u00f3 a enviar propuestas para: crear la Ley Estatal para el Reconocimiento de las Identidades y Expresi\u00f3n de G\u00e9nero del Estado.<\/p>\n\n\n\n<p>El objetivo es establecer las bases para la coordinaci\u00f3n efectiva entre el Poder Legislativo, Legislativo y Judicial, adem\u00e1s de una coordinaci\u00f3n con los municipios y otros organismos del Estado.<\/p>\n\n\n\n<p>Pepe les propuso enviar una reforma al C\u00f3digo Penal del Estado para tipificar con perspectiva de g\u00e9nero los cr\u00edmenes de odio o cualquier tipo de violencia f\u00edsica, verbal o psicol\u00f3gica contra la poblaci\u00f3n diversa.<\/p>\n\n\n\n<p>Por \u00faltimo agreg\u00f3 que el candidato tambi\u00e9n se comprometi\u00f3 a reformar la Ley Estatal Anticorrupci\u00f3n del Estado para tener respeto a las identidades.<\/p>\n","protected":false},"excerpt":{"rendered":"<p>Dar\u00edo Pale Xalapa, Ver.- La Comunidad LGBTTIQA+ respalda la candidatura de Pepe Yunes, ya que el candidato se comprometi\u00f3 a una serie de reformas a diversos ordenamientos legales para apoyar a este sector de la poblaci\u00f3n, as\u00ed lo dio a conocer el activista Persilval Joshep Mart\u00ednez Farid. En conferencia de prensa se\u00f1al\u00f3 que, ante la [&hellip;]<\/p>\n","protected":false},"author":2476,"featured_media":54816,"comment_status":"open","ping_status":"open","sticky":false,"template":"","format":"standard","meta":{"_jetpack_memberships_contains_paid_content":false,"footnotes":""},"categories":[3],"tags":[],"class_list":["post-54815","post","type-post","status-publish","format-standard","has-post-thumbnail","hentry","category-xalapa"],"jetpack_featured_media_url":"https:\/\/encuentroinformativo.com.mx\/wp-content\/uploads\/2024\/05\/IMG-20240523-WA0085.jpg","jetpack_sharing_enabled":true,"jetpack_likes_enabled":true,"amp_enabled":true,"_links":{"self":[{"href":"https:\/\/encuentroinformativo.com.mx\/index.php?rest_route=\/wp\/v2\/posts\/54815","targetHints":{"allow":["GET"]}}],"collection":[{"href":"https:\/\/encuentroinformativo.com.mx\/index.php?rest_route=\/wp\/v2\/posts"}],"about":[{"href":"https:\/\/encuentroinformativo.com.mx\/index.php?rest_route=\/wp\/v2\/types\/post"}],"author":[{"embeddable":true,"href":"https:\/\/encuentroinformativo.com.mx\/index.php?rest_route=\/wp\/v2\/users\/2476"}],"replies":[{"embeddable":true,"href":"https:\/\/encuentroinformativo.com.mx\/index.php?rest_route=%2Fwp%2Fv2%2Fcomments&post=54815"}],"version-history":[{"count":1,"href":"https:\/\/encuentroinformativo.com.mx\/index.php?rest_route=\/wp\/v2\/posts\/54815\/revisions"}],"predecessor-version":[{"id":54817,"href":"https:\/\/encuentroinformativo.com.mx\/index.php?rest_route=\/wp\/v2\/posts\/54815\/revisions\/54817"}],"wp:featuredmedia":[{"embeddable":true,"href":"https:\/\/encuentroinformativo.com.mx\/index.php?rest_route=\/wp\/v2\/media\/54816"}],"wp:attachment":[{"href":"https:\/\/encuentroinformativo.com.mx\/index.php?rest_route=%2Fwp%2Fv2%2Fmedia&parent=54815"}],"wp:term":[{"taxonomy":"category","embeddable":true,"href":"https:\/\/encuentroinformativo.com.mx\/index.php?rest_route=%2Fwp%2Fv2%2Fcategories&post=54815"},{"taxonomy":"post_tag","embeddable":true,"href":"https:\/\/encuentroinformativo.com.mx\/index.php?rest_route=%2Fwp%2Fv2%2Ftags&post=54815"}],"curies":[{"name":"wp","href":"https:\/\/api.w.org\/{rel}","templated":true}]}}