{"id":54827,"date":"2024-05-23T14:17:55","date_gmt":"2024-05-23T20:17:55","guid":{"rendered":"https:\/\/encuentroinformativo.com.mx\/?p=54827"},"modified":"2024-05-23T14:18:02","modified_gmt":"2024-05-23T20:18:02","slug":"recaba-policia-ministerial-testimonios-de-manifestantes-en-salud","status":"publish","type":"post","link":"https:\/\/encuentroinformativo.com.mx\/?p=54827","title":{"rendered":"Recaba polic\u00eda ministerial testimonios de manifestantes en Salud"},"content":{"rendered":"\n<p><strong>Dar\u00edo Pale <\/strong><\/p>\n\n\n\n<p>Xalapa, Ver.- Elementos de la Polic\u00eda Ministerial llegaron a la Secretar\u00eda de Salud a recabar testimonios de sindicalizados, as\u00ed lo inform\u00f3 el Secretario de Administraci\u00f3n del sindicato de Trabajadores de la Secretar\u00eda de Salud (SNTSA) Hector Eduardo Ram\u00edrez Ortiz.<\/p>\n\n\n\n<p>En entrevista se\u00f1al\u00f3 que, los elementos de la Polic\u00eda Ministerial llegaron a las oficinas centrales de la Secretar\u00eda de Salud, este jueves, para tomar testimonios a algunos integrantes del Sindicato de Salud.<\/p>\n\n\n\n<p>&#8220;No quisiera dar muchas declaraciones, pero creo que lo que se ve no se juzga&#8230; nos comentan que ven\u00edan solamente a tomar un testimonio de un servidor, de la delegada de aqu\u00ed \u00a0y del secretario general, Jes\u00fas Galicia&#8221;, se\u00f1al\u00f3.<\/p>\n\n\n\n<p>Aclar\u00f3 que no les dijeron que van a ser desalojados, al contrario, reforzar\u00e1n su protesta ante las oficinas administrativas.<\/p>\n\n\n\n<p>Por \u00faltimo cabe recordar que la protesta es por la falta de atenci\u00f3n a la organizaci\u00f3n sindical, pero no de ahora, sino desde hace varias administraciones.<\/p>\n","protected":false},"excerpt":{"rendered":"<p>Dar\u00edo Pale Xalapa, Ver.- Elementos de la Polic\u00eda Ministerial llegaron a la Secretar\u00eda de Salud a recabar testimonios de sindicalizados, as\u00ed lo inform\u00f3 el Secretario de Administraci\u00f3n del sindicato de Trabajadores de la Secretar\u00eda de Salud (SNTSA) Hector Eduardo Ram\u00edrez Ortiz. En entrevista se\u00f1al\u00f3 que, los elementos de la Polic\u00eda Ministerial llegaron a las oficinas [&hellip;]<\/p>\n","protected":false},"author":2476,"featured_media":54828,"comment_status":"open","ping_status":"open","sticky":false,"template":"","format":"standard","meta":{"_jetpack_memberships_contains_paid_content":false,"footnotes":""},"categories":[9],"tags":[],"class_list":["post-54827","post","type-post","status-publish","format-standard","has-post-thumbnail","hentry","category-salud"],"jetpack_featured_media_url":"https:\/\/encuentroinformativo.com.mx\/wp-content\/uploads\/2024\/05\/IMG-20240523-WA0100.jpg","jetpack_sharing_enabled":true,"jetpack_likes_enabled":true,"amp_enabled":true,"_links":{"self":[{"href":"https:\/\/encuentroinformativo.com.mx\/index.php?rest_route=\/wp\/v2\/posts\/54827","targetHints":{"allow":["GET"]}}],"collection":[{"href":"https:\/\/encuentroinformativo.com.mx\/index.php?rest_route=\/wp\/v2\/posts"}],"about":[{"href":"https:\/\/encuentroinformativo.com.mx\/index.php?rest_route=\/wp\/v2\/types\/post"}],"author":[{"embeddable":true,"href":"https:\/\/encuentroinformativo.com.mx\/index.php?rest_route=\/wp\/v2\/users\/2476"}],"replies":[{"embeddable":true,"href":"https:\/\/encuentroinformativo.com.mx\/index.php?rest_route=%2Fwp%2Fv2%2Fcomments&post=54827"}],"version-history":[{"count":1,"href":"https:\/\/encuentroinformativo.com.mx\/index.php?rest_route=\/wp\/v2\/posts\/54827\/revisions"}],"predecessor-version":[{"id":54829,"href":"https:\/\/encuentroinformativo.com.mx\/index.php?rest_route=\/wp\/v2\/posts\/54827\/revisions\/54829"}],"wp:featuredmedia":[{"embeddable":true,"href":"https:\/\/encuentroinformativo.com.mx\/index.php?rest_route=\/wp\/v2\/media\/54828"}],"wp:attachment":[{"href":"https:\/\/encuentroinformativo.com.mx\/index.php?rest_route=%2Fwp%2Fv2%2Fmedia&parent=54827"}],"wp:term":[{"taxonomy":"category","embeddable":true,"href":"https:\/\/encuentroinformativo.com.mx\/index.php?rest_route=%2Fwp%2Fv2%2Fcategories&post=54827"},{"taxonomy":"post_tag","embeddable":true,"href":"https:\/\/encuentroinformativo.com.mx\/index.php?rest_route=%2Fwp%2Fv2%2Ftags&post=54827"}],"curies":[{"name":"wp","href":"https:\/\/api.w.org\/{rel}","templated":true}]}}