{"id":54838,"date":"2024-05-23T21:49:07","date_gmt":"2024-05-24T03:49:07","guid":{"rendered":"https:\/\/encuentroinformativo.com.mx\/?p=54838"},"modified":"2024-05-23T21:49:22","modified_gmt":"2024-05-24T03:49:22","slug":"modulo-itinerante-del-ivai-recorrera-el-estado-socializando-transparencia-y-acceso-a-la-informacion","status":"publish","type":"post","link":"https:\/\/encuentroinformativo.com.mx\/?p=54838","title":{"rendered":"M\u00f3dulo Itinerante del IVAI recorrer\u00e1 el estado socializando transparencia y acceso a la informaci\u00f3n"},"content":{"rendered":"\n<p><strong>* Con m\u00f3dulo itinerante se presentar\u00e1 en el resto del estado; se busca informar a la ciudadan\u00eda sobre transparencia, acceso a la informaci\u00f3n y la protecci\u00f3n de los datos personales.<\/strong><\/p>\n\n\n\n<p>Xalapa, Ver.- Con el objetivo de socializar la Revista ACCESA Guardianes de los Datos, con tema \u201cEl derecho humano a la protecci\u00f3n de datos personales en la ni\u00f1ez y adolescencia\u201d, edici\u00f3n 26, David Agust\u00edn Jim\u00e9nez Rojas, Comisionado Presidente del Instituto Veracruzano de Acceso a la Informaci\u00f3n y Protecci\u00f3n de Datos Personales (IVAI), acudi\u00f3 a los bajos del Palacio Municipal de Emiliano Zapata, donde se instal\u00f3 el M\u00f3dulo Itinerante de este Instituto.<\/p>\n\n\n\n<p>Durante su recorrido, Jim\u00e9nez Rojas tuvo un acercamiento con las y los residentes del municipio, a quienes les invit\u00f3 a conocer m\u00e1s acerca del IVAI y c\u00f3mo pueden acceder a la informaci\u00f3n p\u00fablica y, sobre todo, el cuidado de sus datos personales.<\/p>\n\n\n\n<p>En entrevista, el Comisionado Presidente enfatiz\u00f3 que su visita a este municipio es el inicio de un largo recorrido por las diferentes demarcaciones y localidades del estado de Veracruz, con el fin de acercar a la ciudadan\u00eda a que conozcan m\u00e1s sobre transparencia, acceso a la informaci\u00f3n y la protecci\u00f3n de los datos personales.<\/p>\n\n\n\n<p>\u201cEs muy importante que las y los veracruzanos sepan cu\u00e1les son los derechos que tienen en materia de transparencia, acceso a la informaci\u00f3n y datos personales, adem\u00e1s de c\u00f3mo evitar ser v\u00edctimas de fraudes, tanto telef\u00f3nicos como digitales\u201d, finaliz\u00f3 Jim\u00e9nez Rojas.<\/p>\n\n\n\n<p>Durante su recorrido por el Ayuntamiento, el Comisionado Presidente pudo socializar la Revista ACCESA entre las y los servidores p\u00fablicos del Palacio Municipal, para posteriormente asistir a la escuela Primaria \u201cBenito Ju\u00e1rez Garc\u00eda\u201d, en donde se promocion\u00f3 la convocatoria para el Concurso para ser Comisionada y Comisionado Infantil 2024, agradeciendo a la Directora Maril\u00fa Aguirre Quevedo por el apoyo para dicha difusi\u00f3n.<\/p>\n\n\n\n<p>En tanto, la Directora de Capacitaci\u00f3n y Vinculaci\u00f3n Ciudadana, junto con el Jefe de la Oficina de Gobierno Abierto y Transparencia Proactiva realizaron la entrega de la edici\u00f3n 26 de la Revista ACCESA a la Titular de la Unidad de Transparencia, Citlalli S\u00e1nchez Mar\u00edn, y al Director de Educaci\u00f3n del Ayuntamiento de Emiliano zapata, Ulises Palacios Landa.<\/p>\n","protected":false},"excerpt":{"rendered":"<p>* Con m\u00f3dulo itinerante se presentar\u00e1 en el resto del estado; se busca informar a la ciudadan\u00eda sobre transparencia, acceso a la informaci\u00f3n y la protecci\u00f3n de los datos personales. Xalapa, Ver.- Con el objetivo de socializar la Revista ACCESA Guardianes de los Datos, con tema \u201cEl derecho humano a la protecci\u00f3n de datos personales [&hellip;]<\/p>\n","protected":false},"author":2476,"featured_media":54839,"comment_status":"open","ping_status":"open","sticky":false,"template":"","format":"standard","meta":{"_jetpack_memberships_contains_paid_content":false,"footnotes":""},"categories":[2],"tags":[],"class_list":["post-54838","post","type-post","status-publish","format-standard","has-post-thumbnail","hentry","category-estado"],"jetpack_featured_media_url":"https:\/\/encuentroinformativo.com.mx\/wp-content\/uploads\/2024\/05\/IMG-20240523-WA01492.jpg","jetpack_sharing_enabled":true,"jetpack_likes_enabled":true,"amp_enabled":true,"_links":{"self":[{"href":"https:\/\/encuentroinformativo.com.mx\/index.php?rest_route=\/wp\/v2\/posts\/54838","targetHints":{"allow":["GET"]}}],"collection":[{"href":"https:\/\/encuentroinformativo.com.mx\/index.php?rest_route=\/wp\/v2\/posts"}],"about":[{"href":"https:\/\/encuentroinformativo.com.mx\/index.php?rest_route=\/wp\/v2\/types\/post"}],"author":[{"embeddable":true,"href":"https:\/\/encuentroinformativo.com.mx\/index.php?rest_route=\/wp\/v2\/users\/2476"}],"replies":[{"embeddable":true,"href":"https:\/\/encuentroinformativo.com.mx\/index.php?rest_route=%2Fwp%2Fv2%2Fcomments&post=54838"}],"version-history":[{"count":1,"href":"https:\/\/encuentroinformativo.com.mx\/index.php?rest_route=\/wp\/v2\/posts\/54838\/revisions"}],"predecessor-version":[{"id":54840,"href":"https:\/\/encuentroinformativo.com.mx\/index.php?rest_route=\/wp\/v2\/posts\/54838\/revisions\/54840"}],"wp:featuredmedia":[{"embeddable":true,"href":"https:\/\/encuentroinformativo.com.mx\/index.php?rest_route=\/wp\/v2\/media\/54839"}],"wp:attachment":[{"href":"https:\/\/encuentroinformativo.com.mx\/index.php?rest_route=%2Fwp%2Fv2%2Fmedia&parent=54838"}],"wp:term":[{"taxonomy":"category","embeddable":true,"href":"https:\/\/encuentroinformativo.com.mx\/index.php?rest_route=%2Fwp%2Fv2%2Fcategories&post=54838"},{"taxonomy":"post_tag","embeddable":true,"href":"https:\/\/encuentroinformativo.com.mx\/index.php?rest_route=%2Fwp%2Fv2%2Ftags&post=54838"}],"curies":[{"name":"wp","href":"https:\/\/api.w.org\/{rel}","templated":true}]}}