{"id":54846,"date":"2024-05-24T09:59:23","date_gmt":"2024-05-24T15:59:23","guid":{"rendered":"https:\/\/encuentroinformativo.com.mx\/?p=54846"},"modified":"2024-05-24T09:59:30","modified_gmt":"2024-05-24T15:59:30","slug":"jovenes-unidos-todos-marchan-en-favor-de-la-4t","status":"publish","type":"post","link":"https:\/\/encuentroinformativo.com.mx\/?p=54846","title":{"rendered":"J\u00f3venes Unidos Todos marchan en favor de la 4T"},"content":{"rendered":"\n<p><strong>*Por la primera presidenta y la primera gobernadora \u203c\ufe0f.<\/strong><\/p>\n\n\n\n<p>Xalapa, Ver.- Lade este jueves cientos de j\u00f3venes salieron a marchar por las calles de Xalapa para refrendar el apoyo hacia las y los candidatos de la 4T, especialmente a la Dra. Claudia Sheinbaum y la Ing. Roc\u00edo Nahle.<\/p>\n\n\n\n<p>En la caminata color ne\u00f3n, participaron los candidatos a Diputado Federal por la v\u00eda plurinominal, Eleazar Guerrero P\u00e9rez y Kenia Mu\u00f1iz Cabrera, quienes respaldaron las acciones de los j\u00f3venes y su movimiento encaminado a continuar el segundo piso de la 4T.<\/p>\n\n\n\n<p>Mujeres, hombres y j\u00f3venes se sumaron y al ritmo de m\u00fasica, su voz retumb\u00f3 en apoyo a la primera mujer que aspira a ser presidenta de M\u00e9xico y gobernadora de Veracruz.<\/p>\n\n\n\n<p>Al final del recorrido, los j\u00f3venes escucharon atentamente las palabras del tambi\u00e9n l\u00edder de Unidos Todos, Eleazar Guerrero P\u00e9rez, quien resalt\u00f3 las acciones de los j\u00f3venes y agreg\u00f3 que el pr\u00f3ximo 2 de junio es momento de dar continuidad al movimiento encabezado por el Presidente, Andr\u00e9s Manuel L\u00f3pez Obrador.<\/p>\n","protected":false},"excerpt":{"rendered":"<p>*Por la primera presidenta y la primera gobernadora \u203c\ufe0f. Xalapa, Ver.- Lade este jueves cientos de j\u00f3venes salieron a marchar por las calles de Xalapa para refrendar el apoyo hacia las y los candidatos de la 4T, especialmente a la Dra. Claudia Sheinbaum y la Ing. Roc\u00edo Nahle. En la caminata color ne\u00f3n, participaron los [&hellip;]<\/p>\n","protected":false},"author":2476,"featured_media":54847,"comment_status":"open","ping_status":"open","sticky":false,"template":"","format":"standard","meta":{"_jetpack_memberships_contains_paid_content":false,"footnotes":""},"categories":[2],"tags":[],"class_list":["post-54846","post","type-post","status-publish","format-standard","has-post-thumbnail","hentry","category-estado"],"jetpack_featured_media_url":"https:\/\/encuentroinformativo.com.mx\/wp-content\/uploads\/2024\/05\/IMG-20240523-WA02122-scaled.jpg","jetpack_sharing_enabled":true,"jetpack_likes_enabled":true,"amp_enabled":true,"_links":{"self":[{"href":"https:\/\/encuentroinformativo.com.mx\/index.php?rest_route=\/wp\/v2\/posts\/54846","targetHints":{"allow":["GET"]}}],"collection":[{"href":"https:\/\/encuentroinformativo.com.mx\/index.php?rest_route=\/wp\/v2\/posts"}],"about":[{"href":"https:\/\/encuentroinformativo.com.mx\/index.php?rest_route=\/wp\/v2\/types\/post"}],"author":[{"embeddable":true,"href":"https:\/\/encuentroinformativo.com.mx\/index.php?rest_route=\/wp\/v2\/users\/2476"}],"replies":[{"embeddable":true,"href":"https:\/\/encuentroinformativo.com.mx\/index.php?rest_route=%2Fwp%2Fv2%2Fcomments&post=54846"}],"version-history":[{"count":1,"href":"https:\/\/encuentroinformativo.com.mx\/index.php?rest_route=\/wp\/v2\/posts\/54846\/revisions"}],"predecessor-version":[{"id":54848,"href":"https:\/\/encuentroinformativo.com.mx\/index.php?rest_route=\/wp\/v2\/posts\/54846\/revisions\/54848"}],"wp:featuredmedia":[{"embeddable":true,"href":"https:\/\/encuentroinformativo.com.mx\/index.php?rest_route=\/wp\/v2\/media\/54847"}],"wp:attachment":[{"href":"https:\/\/encuentroinformativo.com.mx\/index.php?rest_route=%2Fwp%2Fv2%2Fmedia&parent=54846"}],"wp:term":[{"taxonomy":"category","embeddable":true,"href":"https:\/\/encuentroinformativo.com.mx\/index.php?rest_route=%2Fwp%2Fv2%2Fcategories&post=54846"},{"taxonomy":"post_tag","embeddable":true,"href":"https:\/\/encuentroinformativo.com.mx\/index.php?rest_route=%2Fwp%2Fv2%2Ftags&post=54846"}],"curies":[{"name":"wp","href":"https:\/\/api.w.org\/{rel}","templated":true}]}}