{"id":54858,"date":"2024-05-24T11:26:55","date_gmt":"2024-05-24T17:26:55","guid":{"rendered":"https:\/\/encuentroinformativo.com.mx\/?p=54858"},"modified":"2024-05-24T11:27:00","modified_gmt":"2024-05-24T17:27:00","slug":"con-pepe-yunes-ya-contemplamos-la-creacion-de-un-hospital-en-medellin-indira-rosales","status":"publish","type":"post","link":"https:\/\/encuentroinformativo.com.mx\/?p=54858","title":{"rendered":"Con Pepe Yunes ya contemplamos la creaci\u00f3n de un Hospital en Medell\u00edn: Indira Rosales"},"content":{"rendered":"\n<p><strong>Alejandro \u00c1vila<\/strong><\/p>\n\n\n\n<p>Medell\u00edn de Bravo, Ver.- Indira Rosales San Rom\u00e1n, candidata a la diputaci\u00f3n local por el Distrito 16, dijo que tras una reuni\u00f3n con Pepe Yunes, se contempl\u00f3 la posibilidad de instalar un Hospital en el municipio de Medell\u00edn de Bravo.<\/p>\n\n\n\n<p>El pasado mi\u00e9rcoles en sus redes sociales, la panista mostr\u00f3 el deterioro en el que se encuentra el Centro de Salud de la cabecera municipal de Medell\u00edn de Bravo, mismo que no cuenta con agua, aires acondicionados, y no se puede ingresar a los ba\u00f1os ya que no est\u00e1n en aptas condiciones para su uso; esto aunado a la falta de medicamento.<\/p>\n\n\n\n<p>&#8220;Los Centros de Salud como el que ayer visit\u00e9, los ba\u00f1os, todo, ni siquiera un aire acondicionado, est\u00e1n verdaderamente en terribles condiciones, necesitamos tener Centros de Salud de calidad, sobre todo en un municipio como Medell\u00edn que han crecido much\u00edsimo en densidad poblacional, incluso platiqu\u00e9 con nuestro pr\u00f3ximo gobernador, Pepe Yunes, el que existiera la posibilidad de un Hospital en Medell\u00edn porque es necesario, desafortunadamente los medellinenses cuando tienen una emergencia tiene que trasladarse a Veracruz al Hospital Regional o al Hospital de Boca del R\u00edo&#8221;, declar\u00f3.<\/p>\n\n\n\n<p>Los habitantes de Medell\u00edn de Bravo tienen gastos excesivos cada vez que una persona se enferma, pues debido a las carencias de los Centros de Salud del municipio, la atenci\u00f3n es m\u00ednima y tienen que trasladarse hasta Veracruz o Boca del R\u00edo para lograr una atenci\u00f3n medianamente mejor.<\/p>\n","protected":false},"excerpt":{"rendered":"<p>Alejandro \u00c1vila Medell\u00edn de Bravo, Ver.- Indira Rosales San Rom\u00e1n, candidata a la diputaci\u00f3n local por el Distrito 16, dijo que tras una reuni\u00f3n con Pepe Yunes, se contempl\u00f3 la posibilidad de instalar un Hospital en el municipio de Medell\u00edn de Bravo. El pasado mi\u00e9rcoles en sus redes sociales, la panista mostr\u00f3 el deterioro en [&hellip;]<\/p>\n","protected":false},"author":2476,"featured_media":54859,"comment_status":"open","ping_status":"open","sticky":false,"template":"","format":"standard","meta":{"_jetpack_memberships_contains_paid_content":false,"footnotes":""},"categories":[2],"tags":[],"class_list":["post-54858","post","type-post","status-publish","format-standard","has-post-thumbnail","hentry","category-estado"],"jetpack_featured_media_url":"https:\/\/encuentroinformativo.com.mx\/wp-content\/uploads\/2024\/05\/IMG-20240524-WA0010.jpg","jetpack_sharing_enabled":true,"jetpack_likes_enabled":true,"amp_enabled":true,"_links":{"self":[{"href":"https:\/\/encuentroinformativo.com.mx\/index.php?rest_route=\/wp\/v2\/posts\/54858","targetHints":{"allow":["GET"]}}],"collection":[{"href":"https:\/\/encuentroinformativo.com.mx\/index.php?rest_route=\/wp\/v2\/posts"}],"about":[{"href":"https:\/\/encuentroinformativo.com.mx\/index.php?rest_route=\/wp\/v2\/types\/post"}],"author":[{"embeddable":true,"href":"https:\/\/encuentroinformativo.com.mx\/index.php?rest_route=\/wp\/v2\/users\/2476"}],"replies":[{"embeddable":true,"href":"https:\/\/encuentroinformativo.com.mx\/index.php?rest_route=%2Fwp%2Fv2%2Fcomments&post=54858"}],"version-history":[{"count":1,"href":"https:\/\/encuentroinformativo.com.mx\/index.php?rest_route=\/wp\/v2\/posts\/54858\/revisions"}],"predecessor-version":[{"id":54860,"href":"https:\/\/encuentroinformativo.com.mx\/index.php?rest_route=\/wp\/v2\/posts\/54858\/revisions\/54860"}],"wp:featuredmedia":[{"embeddable":true,"href":"https:\/\/encuentroinformativo.com.mx\/index.php?rest_route=\/wp\/v2\/media\/54859"}],"wp:attachment":[{"href":"https:\/\/encuentroinformativo.com.mx\/index.php?rest_route=%2Fwp%2Fv2%2Fmedia&parent=54858"}],"wp:term":[{"taxonomy":"category","embeddable":true,"href":"https:\/\/encuentroinformativo.com.mx\/index.php?rest_route=%2Fwp%2Fv2%2Fcategories&post=54858"},{"taxonomy":"post_tag","embeddable":true,"href":"https:\/\/encuentroinformativo.com.mx\/index.php?rest_route=%2Fwp%2Fv2%2Ftags&post=54858"}],"curies":[{"name":"wp","href":"https:\/\/api.w.org\/{rel}","templated":true}]}}