{"id":54891,"date":"2024-05-24T19:21:24","date_gmt":"2024-05-25T01:21:24","guid":{"rendered":"https:\/\/encuentroinformativo.com.mx\/?p=54891"},"modified":"2024-05-24T19:21:29","modified_gmt":"2024-05-25T01:21:29","slug":"fabrican-procesos-inexistentes-acusa-americo","status":"publish","type":"post","link":"https:\/\/encuentroinformativo.com.mx\/?p=54891","title":{"rendered":"Fabrican procesos inexistentes, acusa Am\u00e9rico"},"content":{"rendered":"\n<p><strong>*Se saben perdidos en la elecci\u00f3n, afirm\u00f3 el candidato a la diputaci\u00f3n federal por Xalapa.<\/strong><\/p>\n\n\n\n<p><strong>Dar\u00edo Pale <\/strong><\/p>\n\n\n\n<p>Xalapa, Ver.- No descarta que los magistrados del Tribunal de Justicia Administrativa de Veracruz (TRIJAEV) se estar\u00edan prestando para crear delitos en su contra, as\u00ed lo dio a conocer el candidato a la diputaci\u00f3n federal de Xalapa por la coalici\u00f3n Fuerza y Coraz\u00f3n por Veracruz, Am\u00e9rico Z\u00fa\u00f1iga Mart\u00ednez.<\/p>\n\n\n\n<p>Luego de que este d\u00eda se diera a conocer que fue inhabilitado para ocupar cargo p\u00fablico por haber sido acusado del presunto delito de abuso de autoridad, se\u00f1al\u00f3 que la oposici\u00f3n est\u00e1 desesperada y no sabe qu\u00e9 hacer porque ganar\u00e1 la elecci\u00f3n.<\/p>\n\n\n\n<p>Se difundi\u00f3 que el TRIJAEV acredit\u00f3 plenamente la existencia de faltas administrativas graves por abuso de funciones del expresidente municipal y de actuaci\u00f3n bajo conflicto de inter\u00e9s del director de Desarrollo Urbano y Medio Ambiente de la administraci\u00f3n del priista, sobre una propiedad.<\/p>\n\n\n\n<p>Presuntamente el candidato habr\u00eda solicitado a su subalterno la regularizaci\u00f3n de uso de suelo y la licencia de construcci\u00f3n respecto de un inmueble de su propiedad, autorizadas en fechas once y trece de diciembre del a\u00f1o 2017, respectivamente, encontr\u00e1ndose ambos en su car\u00e1cter de servidores p\u00fablicos en funciones.<\/p>\n\n\n\n<p>En ese sentido, Z\u00fa\u00f1iga Mart\u00ednez dijo que nada de esto es verdad, no hay sentencia firme, es un proceso que tiene otras etapas, pero se defender\u00e1.<\/p>\n\n\n\n<p>&#8220;Lo que s\u00ed resulta bien interesante es que est\u00e9n haciendo este tipo de acciones a unos d\u00edas de que concluya la campa\u00f1a. Se saben perdidos, entienden que no tienen oportunidad en Xalapa y al igual que muchas estrategias, est\u00e1n fabricando procesos inexistentes&#8221;, sostuvo.<\/p>\n\n\n\n<p>El candidato dijo que se le hace sospechoso que este siendo objeto de un proceso <em>fast track<\/em> para generar inquietud.<\/p>\n\n\n\n<p>&#8220;De ninguna manera (est\u00e1 inhabilitado), se inici\u00f3 un proceso, fabric\u00e1ndolo desde el Tribunal, lo que se me hace grav\u00edsimo, un acto de desesperaci\u00f3n ante la derrota&#8221;, coment\u00f3.<\/p>\n\n\n\n<p>&#8220;Considero que s\u00ed (se est\u00e1n prestando los magistrados), sin embargo, yo no puedo yo hacer una aclaraci\u00f3n de esa \u00edndole para no entorpecer el proceso del que debo defenderme. No he sido notificado&#8221;, agrego.<\/p>\n\n\n\n<p>Am\u00e9rico Z\u00fa\u00f1iga defini\u00f3 que no est\u00e1 imposibilitado para hacer campa\u00f1a, \u00e9l contin\u00faa pidiendo el voto y as\u00ed seguir\u00e1 haci\u00e9ndolo hasta el \u00faltimo d\u00eda que se lo permite la Ley.<br>Cuestionado respecto del inmueble en cuesti\u00f3n, respondi\u00f3 que la publicaci\u00f3n que se hizo en medios &#8220;mueve a risa&#8221;.<\/p>\n\n\n\n<p>Finalmente dijo que, &#8220;hablan de un inmueble, de una licencia de construcci\u00f3n del 2017, cuando en 2016 es parte de mi declaraci\u00f3n patrimonial producto de una herencia, con licencia de construcci\u00f3n del 2013, es decir, no tienen absolutamente ning\u00fan elemento para afectarme en t\u00e9rminos reales&#8221;.<\/p>\n","protected":false},"excerpt":{"rendered":"<p>*Se saben perdidos en la elecci\u00f3n, afirm\u00f3 el candidato a la diputaci\u00f3n federal por Xalapa. Dar\u00edo Pale Xalapa, Ver.- No descarta que los magistrados del Tribunal de Justicia Administrativa de Veracruz (TRIJAEV) se estar\u00edan prestando para crear delitos en su contra, as\u00ed lo dio a conocer el candidato a la diputaci\u00f3n federal de Xalapa por [&hellip;]<\/p>\n","protected":false},"author":2476,"featured_media":54892,"comment_status":"open","ping_status":"open","sticky":false,"template":"","format":"standard","meta":{"_jetpack_memberships_contains_paid_content":false,"footnotes":""},"categories":[3],"tags":[],"class_list":["post-54891","post","type-post","status-publish","format-standard","has-post-thumbnail","hentry","category-xalapa"],"jetpack_featured_media_url":"https:\/\/encuentroinformativo.com.mx\/wp-content\/uploads\/2024\/05\/IMG-20240524-WA0097.jpg","jetpack_sharing_enabled":true,"jetpack_likes_enabled":true,"amp_enabled":true,"_links":{"self":[{"href":"https:\/\/encuentroinformativo.com.mx\/index.php?rest_route=\/wp\/v2\/posts\/54891","targetHints":{"allow":["GET"]}}],"collection":[{"href":"https:\/\/encuentroinformativo.com.mx\/index.php?rest_route=\/wp\/v2\/posts"}],"about":[{"href":"https:\/\/encuentroinformativo.com.mx\/index.php?rest_route=\/wp\/v2\/types\/post"}],"author":[{"embeddable":true,"href":"https:\/\/encuentroinformativo.com.mx\/index.php?rest_route=\/wp\/v2\/users\/2476"}],"replies":[{"embeddable":true,"href":"https:\/\/encuentroinformativo.com.mx\/index.php?rest_route=%2Fwp%2Fv2%2Fcomments&post=54891"}],"version-history":[{"count":1,"href":"https:\/\/encuentroinformativo.com.mx\/index.php?rest_route=\/wp\/v2\/posts\/54891\/revisions"}],"predecessor-version":[{"id":54893,"href":"https:\/\/encuentroinformativo.com.mx\/index.php?rest_route=\/wp\/v2\/posts\/54891\/revisions\/54893"}],"wp:featuredmedia":[{"embeddable":true,"href":"https:\/\/encuentroinformativo.com.mx\/index.php?rest_route=\/wp\/v2\/media\/54892"}],"wp:attachment":[{"href":"https:\/\/encuentroinformativo.com.mx\/index.php?rest_route=%2Fwp%2Fv2%2Fmedia&parent=54891"}],"wp:term":[{"taxonomy":"category","embeddable":true,"href":"https:\/\/encuentroinformativo.com.mx\/index.php?rest_route=%2Fwp%2Fv2%2Fcategories&post=54891"},{"taxonomy":"post_tag","embeddable":true,"href":"https:\/\/encuentroinformativo.com.mx\/index.php?rest_route=%2Fwp%2Fv2%2Ftags&post=54891"}],"curies":[{"name":"wp","href":"https:\/\/api.w.org\/{rel}","templated":true}]}}