{"id":54897,"date":"2024-05-25T14:37:54","date_gmt":"2024-05-25T20:37:54","guid":{"rendered":"https:\/\/encuentroinformativo.com.mx\/?p=54897"},"modified":"2024-05-25T14:38:00","modified_gmt":"2024-05-25T20:38:00","slug":"promete-partido-verde-sembrar-arboles-por-cada-voto","status":"publish","type":"post","link":"https:\/\/encuentroinformativo.com.mx\/?p=54897","title":{"rendered":"Promete Partido Verde sembrar \u00e1rboles por cada voto"},"content":{"rendered":"\n<p><strong>Dar\u00edo Pale <\/strong><\/p>\n\n\n\n<p>Xalapa, Ver.- Por cada voto que logren en el proceso electoral sembrar\u00e1n un \u00e1rbol as\u00ed lo dio a conocer Javier Herrera Borunda, secretario de Procesos Electorales del Comit\u00e9 Ejecutivo Nacional del Partido Verde y candidato a diputado federal.<\/p>\n\n\n\n<p>Entrevistado previo al cierre de campa\u00f1a de Roc\u00edo Nahle estim\u00f3 que, sembrar\u00e1n 500 mil \u00e1rboles gracias al triunfo de sus candidatos a la gubernaturas, a la presidencia, a las diputaciones locales y federales, as\u00ed como alcald\u00edas en otros estados.<\/p>\n\n\n\n<p>El hijo del exgobernador pri\u00edsta Fidel Herrera Beltr\u00e1n, afirm\u00f3 que van hacia una gran victoria electoral.<\/p>\n\n\n\n<p>Confirm\u00f3 la presencia de la candidata a la presidencia, Claudia Sheinbaum, as\u00ed como el &#8220;referente&#8221; del Verde, el exgobernador Manuel Velasco.<\/p>\n\n\n\n<p>&#8220;Estamos a una semana de que las urnas se llenen de votos verdes y que ganemos la pr\u00f3xima elecci\u00f3n en la Presidencia, en las diputaciones, en las alcald\u00edas de todo el pa\u00eds, pero sobre todo de las diputaciones locales&#8221;, se\u00f1al\u00f3.<\/p>\n\n\n\n<p>Finalmente coment\u00f3 que, &#8220;por cada voto que tenga el Verde el pr\u00f3ximo 2 de junio, yo y los candidatos que tuvimos a diputados locales y federales, vamos a sembrar un \u00e1rbol, entonces vamos por medio mill\u00f3n de \u00e1rboles para el Verde&#8221;.<\/p>\n","protected":false},"excerpt":{"rendered":"<p>Dar\u00edo Pale Xalapa, Ver.- Por cada voto que logren en el proceso electoral sembrar\u00e1n un \u00e1rbol as\u00ed lo dio a conocer Javier Herrera Borunda, secretario de Procesos Electorales del Comit\u00e9 Ejecutivo Nacional del Partido Verde y candidato a diputado federal. Entrevistado previo al cierre de campa\u00f1a de Roc\u00edo Nahle estim\u00f3 que, sembrar\u00e1n 500 mil \u00e1rboles [&hellip;]<\/p>\n","protected":false},"author":2476,"featured_media":54898,"comment_status":"open","ping_status":"open","sticky":false,"template":"","format":"standard","meta":{"_jetpack_memberships_contains_paid_content":false,"footnotes":""},"categories":[2],"tags":[],"class_list":["post-54897","post","type-post","status-publish","format-standard","has-post-thumbnail","hentry","category-estado"],"jetpack_featured_media_url":"https:\/\/encuentroinformativo.com.mx\/wp-content\/uploads\/2024\/05\/IMG-20240525-WA0015.jpg","jetpack_sharing_enabled":true,"jetpack_likes_enabled":true,"amp_enabled":true,"_links":{"self":[{"href":"https:\/\/encuentroinformativo.com.mx\/index.php?rest_route=\/wp\/v2\/posts\/54897","targetHints":{"allow":["GET"]}}],"collection":[{"href":"https:\/\/encuentroinformativo.com.mx\/index.php?rest_route=\/wp\/v2\/posts"}],"about":[{"href":"https:\/\/encuentroinformativo.com.mx\/index.php?rest_route=\/wp\/v2\/types\/post"}],"author":[{"embeddable":true,"href":"https:\/\/encuentroinformativo.com.mx\/index.php?rest_route=\/wp\/v2\/users\/2476"}],"replies":[{"embeddable":true,"href":"https:\/\/encuentroinformativo.com.mx\/index.php?rest_route=%2Fwp%2Fv2%2Fcomments&post=54897"}],"version-history":[{"count":1,"href":"https:\/\/encuentroinformativo.com.mx\/index.php?rest_route=\/wp\/v2\/posts\/54897\/revisions"}],"predecessor-version":[{"id":54899,"href":"https:\/\/encuentroinformativo.com.mx\/index.php?rest_route=\/wp\/v2\/posts\/54897\/revisions\/54899"}],"wp:featuredmedia":[{"embeddable":true,"href":"https:\/\/encuentroinformativo.com.mx\/index.php?rest_route=\/wp\/v2\/media\/54898"}],"wp:attachment":[{"href":"https:\/\/encuentroinformativo.com.mx\/index.php?rest_route=%2Fwp%2Fv2%2Fmedia&parent=54897"}],"wp:term":[{"taxonomy":"category","embeddable":true,"href":"https:\/\/encuentroinformativo.com.mx\/index.php?rest_route=%2Fwp%2Fv2%2Fcategories&post=54897"},{"taxonomy":"post_tag","embeddable":true,"href":"https:\/\/encuentroinformativo.com.mx\/index.php?rest_route=%2Fwp%2Fv2%2Ftags&post=54897"}],"curies":[{"name":"wp","href":"https:\/\/api.w.org\/{rel}","templated":true}]}}