{"id":54905,"date":"2024-05-25T19:43:30","date_gmt":"2024-05-26T01:43:30","guid":{"rendered":"https:\/\/encuentroinformativo.com.mx\/?p=54905"},"modified":"2024-05-25T19:43:39","modified_gmt":"2024-05-26T01:43:39","slug":"coatzacoalcos-recibira-a-xochitl-galvez-y-pepe-yunes-para-el-cierre-de-campana-regional-en-el-sur-de-veracruz","status":"publish","type":"post","link":"https:\/\/encuentroinformativo.com.mx\/?p=54905","title":{"rendered":"Coatzacoalcos recibir\u00e1 a X\u00f3chitl G\u00e1lvez y Pepe Yunes para el cierre de campa\u00f1a regional en el sur de Veracruz"},"content":{"rendered":"\n<p><strong>*<em>A una semana de la elecci\u00f3n, el candidato de Fuerza y Coraz\u00f3n por Veracruz mantiene su ventaja en las preferencias electorales, de acuerdo con encuestas.<\/em><\/strong><\/p>\n\n\n\n<p><strong>*El agua de Veracruz &#8220;primero para los veracruzanos&#8221;, presenta el candidato propuestas para resolver los problemas de abasto del vital l\u00edquido.<\/strong><\/p>\n\n\n\n<p>Boca del R\u00edo, Ver.- A una semana de la elecci\u00f3n del  de junio, Veracruz recibir\u00e1 de nueva cuenta la visita de la candidata a la Presidencia de la Rep\u00fablica, X\u00f3chitl G\u00e1lvez, quien este domingo encabezar\u00e1 junto con el candidato a la gubernatura por la coalici\u00f3n Fuerza y Coraz\u00f3n por Veracruz, Jos\u00e9 Francisco Yunes Zorrilla, el gran cierre regional de la zona sur.<\/p>\n\n\n\n<p>&#8220;Viene la pr\u00f3xima Presidenta de la Rep\u00fablica al sur del estado. La vamos a recibir en Coatzacoalcos para de nueva cuenta manifestar el compromiso que tiene con esa parte y con esa regi\u00f3n de Veracruz, pero tambi\u00e9n con todo el estado&#8221;, refiri\u00f3 Pepe Yunes en entrevista.<\/p>\n\n\n\n<p>A unos d\u00edas de que finalicen las campa\u00f1as electorales, diferentes encuestas colocan al candidato del PAN, PRI y PRD como el puntero en las preferencias electorales. Cabe mencionar que Pepe Yunes ha afianzado el apoyo de las y los ciudadanos al presentar propuestas claras que, a partir del primero de diciembre, responder\u00e1n a las necesidades de la gente en materia de salud, educaci\u00f3n y seguridad.<\/p>\n\n\n\n<p>Adem\u00e1s, su arraigo y experiencia de 30 a\u00f1os al servicio de las y los veracruzanos le ha permitido regionalizar las propuestas para detonar el crecimiento y con ello elevar la calidad de vida de las familias.<\/p>\n\n\n\n<p>A lo largo de tres d\u00e9cadas, el candidato ha trabajado, desde sus diferentes responsabilidades, de la mano con todos los sectores productivos del estado, lo que le ha permitido tener claridad y conocimiento de lo que necesita Veracruz para recuperar la grandeza y para que vuelva a ser referente nacional de buen gobierno.<\/p>\n\n\n\n<p>La visita de X\u00f3chitl G\u00e1lvez cumplir\u00e1 con el prop\u00f3sito de respaldar al candidato y, como lo ha mencionado antes la candidata, dejar en claro que desde la Presidencia, G\u00e1lvez Ruiz y Yunes Zorrilla har\u00e1n equipo para sacar del letargo en que se encuentra actualmente el estado.<\/p>\n\n\n\n<p>La invitaci\u00f3n es para que simpatizantes de los candidatos, militantes de los partidos que conforman las coaliciones, as\u00ed como las y los ciudadanos, participen en este cierre regional que tendr\u00e1 lugar este domingo 26 de mayo, a las 13:00 horas, a un costado del Teatro de la Ciudad de Coatzacoalcos.<\/p>\n\n\n\n<p><em>El agua de Veracruz &#8220;primero para los veracruzanos&#8221;, presenta el candidato propuestas para resolver los problemas de abasto del vital l\u00edquido.<\/em><\/p>\n\n\n\n<p>En la ciudad de Boca del R\u00edo, en compa\u00f1\u00eda de candidatas y candidatos al Senado, el Congreso federal y local, Pepe Yunes asegur\u00f3 que el agua de Veracruz ser\u00e1 para resolver primero el abasto de agua de las y los veracruzanos, por lo que su gobierno no permitir\u00e1 que se lleven el agua del territorio a otras partes del pa\u00eds.<\/p>\n\n\n\n<p>&#8220;Los r\u00edos de Veracruz y su sistema lagunar son una de las enormes riquezas de nuestro querido Estado; esta riqueza es primero para los veracruzanos, y con gusto la podr\u00edamos compartir una vez resueltas nuestras demandas&#8221;, asegur\u00f3 el candidato y agreg\u00f3 que &#8220;mi gobierno no permitir\u00e1 que se lleven el agua del R\u00edo P\u00e1nuco a Nuevo Le\u00f3n ni del R\u00edo Jamapa o del Tecolutla a la Ciudad de M\u00e9xico. \u00a1Primero los veracruzanos!&#8221;<\/p>\n\n\n\n<p>En el espacio denominado &#8216;Agua para todo y para todos&#8217;, Pepe Yunes present\u00f3 las acciones a trav\u00e9s de las cuales se dar\u00e1 atenci\u00f3n prioritaria al tema del agua. Como primer punto, dijo, &#8220;Crearemos la Secretar\u00eda del Agua, dependencia directa del gobernador encargada de coordinar proyectos y programas de abasto, tratamiento, cuidado y conservaci\u00f3n de fuentes. No habr\u00e1 m\u00e1s gasto en burocracia, se reubicar\u00e1n todas las \u00e1reas ya existentes vinculadas a este tema&#8221;.<\/p>\n\n\n\n<p>Adem\u00e1s, se analizar\u00e1n los modelos de financiamiento de largo plazo para resolver los problemas de agua no solo para hoy, sino tambi\u00e9n para las futuras generaciones de veracruzanas y veracruzanos. Y se incorporar\u00e1 al sistema educativo un apartado de cultura del agua, y se promover\u00e1 el uso racional y eficiente del agua.<\/p>\n\n\n\n<p>Finalmente, Jos\u00e9 Francisco Yunes Zorrilla asegur\u00f3 que &#8220;este es uno de los retos m\u00e1s dif\u00edciles que enfrenta hoy Veracruz. Encontrar una soluci\u00f3n exige conocimiento y compromiso. S\u00e9 la dimensi\u00f3n del reto y quiero comprometerme a que junto con ustedes podamos enfrentarlo y resolverlo. A partir del primero de diciembre empezaremos a vivir una nueva historia en nuestro querido Estado&#8221;.<\/p>\n","protected":false},"excerpt":{"rendered":"<p>*A una semana de la elecci\u00f3n, el candidato de Fuerza y Coraz\u00f3n por Veracruz mantiene su ventaja en las preferencias electorales, de acuerdo con encuestas. *El agua de Veracruz &#8220;primero para los veracruzanos&#8221;, presenta el candidato propuestas para resolver los problemas de abasto del vital l\u00edquido. Boca del R\u00edo, Ver.- A una semana de la [&hellip;]<\/p>\n","protected":false},"author":2476,"featured_media":54907,"comment_status":"open","ping_status":"open","sticky":false,"template":"","format":"standard","meta":{"_jetpack_memberships_contains_paid_content":false,"footnotes":""},"categories":[2],"tags":[],"class_list":["post-54905","post","type-post","status-publish","format-standard","has-post-thumbnail","hentry","category-estado"],"jetpack_featured_media_url":"https:\/\/encuentroinformativo.com.mx\/wp-content\/uploads\/2024\/05\/IMG-20240525-WA0059-1.jpg","jetpack_sharing_enabled":true,"jetpack_likes_enabled":true,"amp_enabled":true,"_links":{"self":[{"href":"https:\/\/encuentroinformativo.com.mx\/index.php?rest_route=\/wp\/v2\/posts\/54905","targetHints":{"allow":["GET"]}}],"collection":[{"href":"https:\/\/encuentroinformativo.com.mx\/index.php?rest_route=\/wp\/v2\/posts"}],"about":[{"href":"https:\/\/encuentroinformativo.com.mx\/index.php?rest_route=\/wp\/v2\/types\/post"}],"author":[{"embeddable":true,"href":"https:\/\/encuentroinformativo.com.mx\/index.php?rest_route=\/wp\/v2\/users\/2476"}],"replies":[{"embeddable":true,"href":"https:\/\/encuentroinformativo.com.mx\/index.php?rest_route=%2Fwp%2Fv2%2Fcomments&post=54905"}],"version-history":[{"count":1,"href":"https:\/\/encuentroinformativo.com.mx\/index.php?rest_route=\/wp\/v2\/posts\/54905\/revisions"}],"predecessor-version":[{"id":54908,"href":"https:\/\/encuentroinformativo.com.mx\/index.php?rest_route=\/wp\/v2\/posts\/54905\/revisions\/54908"}],"wp:featuredmedia":[{"embeddable":true,"href":"https:\/\/encuentroinformativo.com.mx\/index.php?rest_route=\/wp\/v2\/media\/54907"}],"wp:attachment":[{"href":"https:\/\/encuentroinformativo.com.mx\/index.php?rest_route=%2Fwp%2Fv2%2Fmedia&parent=54905"}],"wp:term":[{"taxonomy":"category","embeddable":true,"href":"https:\/\/encuentroinformativo.com.mx\/index.php?rest_route=%2Fwp%2Fv2%2Fcategories&post=54905"},{"taxonomy":"post_tag","embeddable":true,"href":"https:\/\/encuentroinformativo.com.mx\/index.php?rest_route=%2Fwp%2Fv2%2Ftags&post=54905"}],"curies":[{"name":"wp","href":"https:\/\/api.w.org\/{rel}","templated":true}]}}