{"id":54921,"date":"2024-05-26T21:29:21","date_gmt":"2024-05-27T03:29:21","guid":{"rendered":"https:\/\/encuentroinformativo.com.mx\/?p=54921"},"modified":"2024-05-26T21:29:27","modified_gmt":"2024-05-27T03:29:27","slug":"con-tu-voto-el-2-de-junio-se-corregira-el-rumbo-del-pais-y-de-veracruz-americo","status":"publish","type":"post","link":"https:\/\/encuentroinformativo.com.mx\/?p=54921","title":{"rendered":"Con tu voto, el 2 de junio se corregir\u00e1 el rumbo del pa\u00eds y de Veracruz: Am\u00e9rico"},"content":{"rendered":"\n<p><strong>* Es un compromiso con las familias y con todo Xalapa.<\/strong><\/p>\n\n\n\n<p>Xalapa, Ver.- El pr\u00f3ximo domingo tienes una cita muy importante. Es un compromiso con tu familia, con tu ciudad, tu estado y tu pa\u00eds, expuso Am\u00e9rico Z\u00fa\u00f1iga Mart\u00ednez, candidato a la diputaci\u00f3n federal por Xalapa.<\/p>\n\n\n\n<p>&#8220;Tendr\u00e1s la oportunidad de que juntos, corrijamos el rumbo&#8221;, subray\u00f3 el abanderado de la coalici\u00f3n Fuerza y Coraz\u00f3n por M\u00e9xico.<\/p>\n\n\n\n<p>Asimismo, manifest\u00f3: &#8220;Porque t\u00fa mereces m\u00e1s, porque s\u00ed podemos estar mejor, vota este 2 de junio por la alianza m\u00e1s poderosa&#8221;.<\/p>\n\n\n\n<p>&#8220;\u00a1La alianza de las y los ciudadanos. Vota por la alianza Fuerza y Coraz\u00f3n por M\u00e9xico!&#8221;, indic\u00f3.<\/p>\n\n\n\n<p>&#8220;\u00a1Votar por Am\u00e9rico Z\u00fa\u00f1iga para diputado federal!&#8221;, exhort\u00f3 a la poblaci\u00f3n.<\/p>\n\n\n\n<p>Este domingo, como parte de sus actividades, llev\u00f3 a cabo recorridos por las congregaciones de El Castillo, Chiltoyac y El Tronconal.<\/p>\n\n\n\n<p>Tambi\u00e9n convivi\u00f3 con jugadores de beisbol y entreg\u00f3 reconocimientos junto con su compa\u00f1ero de f\u00f3rmula a la diputaci\u00f3n federal por el Distrito X de Xalapa, Rom\u00e1n Moreno Hern\u00e1ndez.<\/p>\n\n\n\n<p>Am\u00e9rico Z\u00fa\u00f1iga Mart\u00ednez tambi\u00e9n estuvo presente en el quinto concurso intercolegial de baile que se llev\u00f3 a cabo en la emblem\u00e1tica Arena Xalapa.<\/p>\n\n\n\n<p>El evento congreg\u00f3 a miles de xalape\u00f1as y xalape\u00f1os quienes disfrutaron de las coreograf\u00edas de los participantes.<\/p>\n\n\n\n<p>Tambi\u00e9n estuvieron los candidatos a las diputaciones locales por los distritos 10 y 11 de Xalapa, Adriana Rojano Pazzi y Sergio Hern\u00e1ndez Hern\u00e1ndez. Adem\u00e1s de la diputada Maribel Ram\u00edrez Topete.<\/p>\n","protected":false},"excerpt":{"rendered":"<p>* Es un compromiso con las familias y con todo Xalapa. Xalapa, Ver.- El pr\u00f3ximo domingo tienes una cita muy importante. Es un compromiso con tu familia, con tu ciudad, tu estado y tu pa\u00eds, expuso Am\u00e9rico Z\u00fa\u00f1iga Mart\u00ednez, candidato a la diputaci\u00f3n federal por Xalapa. &#8220;Tendr\u00e1s la oportunidad de que juntos, corrijamos el rumbo&#8221;, [&hellip;]<\/p>\n","protected":false},"author":2476,"featured_media":54922,"comment_status":"open","ping_status":"open","sticky":false,"template":"","format":"standard","meta":{"_jetpack_memberships_contains_paid_content":false,"footnotes":""},"categories":[3],"tags":[],"class_list":["post-54921","post","type-post","status-publish","format-standard","has-post-thumbnail","hentry","category-xalapa"],"jetpack_featured_media_url":"https:\/\/encuentroinformativo.com.mx\/wp-content\/uploads\/2024\/05\/IMG-20240526-WA0102-scaled.jpg","jetpack_sharing_enabled":true,"jetpack_likes_enabled":true,"amp_enabled":true,"_links":{"self":[{"href":"https:\/\/encuentroinformativo.com.mx\/index.php?rest_route=\/wp\/v2\/posts\/54921","targetHints":{"allow":["GET"]}}],"collection":[{"href":"https:\/\/encuentroinformativo.com.mx\/index.php?rest_route=\/wp\/v2\/posts"}],"about":[{"href":"https:\/\/encuentroinformativo.com.mx\/index.php?rest_route=\/wp\/v2\/types\/post"}],"author":[{"embeddable":true,"href":"https:\/\/encuentroinformativo.com.mx\/index.php?rest_route=\/wp\/v2\/users\/2476"}],"replies":[{"embeddable":true,"href":"https:\/\/encuentroinformativo.com.mx\/index.php?rest_route=%2Fwp%2Fv2%2Fcomments&post=54921"}],"version-history":[{"count":1,"href":"https:\/\/encuentroinformativo.com.mx\/index.php?rest_route=\/wp\/v2\/posts\/54921\/revisions"}],"predecessor-version":[{"id":54923,"href":"https:\/\/encuentroinformativo.com.mx\/index.php?rest_route=\/wp\/v2\/posts\/54921\/revisions\/54923"}],"wp:featuredmedia":[{"embeddable":true,"href":"https:\/\/encuentroinformativo.com.mx\/index.php?rest_route=\/wp\/v2\/media\/54922"}],"wp:attachment":[{"href":"https:\/\/encuentroinformativo.com.mx\/index.php?rest_route=%2Fwp%2Fv2%2Fmedia&parent=54921"}],"wp:term":[{"taxonomy":"category","embeddable":true,"href":"https:\/\/encuentroinformativo.com.mx\/index.php?rest_route=%2Fwp%2Fv2%2Fcategories&post=54921"},{"taxonomy":"post_tag","embeddable":true,"href":"https:\/\/encuentroinformativo.com.mx\/index.php?rest_route=%2Fwp%2Fv2%2Ftags&post=54921"}],"curies":[{"name":"wp","href":"https:\/\/api.w.org\/{rel}","templated":true}]}}