{"id":54936,"date":"2024-05-27T12:24:20","date_gmt":"2024-05-27T18:24:20","guid":{"rendered":"https:\/\/encuentroinformativo.com.mx\/?p=54936"},"modified":"2024-05-27T12:24:26","modified_gmt":"2024-05-27T18:24:26","slug":"incendio-de-pastizal-arrasa-con-10-hectareas-en-las-trancas","status":"publish","type":"post","link":"https:\/\/encuentroinformativo.com.mx\/?p=54936","title":{"rendered":"Incendio de pastizal, arrasa con 10 hect\u00e1reas en Las Trancas"},"content":{"rendered":"\n<p><strong>Juan Arcos <\/strong><\/p>\n\n\n\n<p>Xalapa, Ver.- Un incendio de pastizal y arbusto consumi\u00f3 cerca de 10 hect\u00e1reas en la zona del acceso a la Central de Abastos, donde laboran elementos de Protecci\u00f3n Civil del ayuntamiento de Emiliano Zapata para su control y liquidaci\u00f3n.<\/p>\n\n\n\n<p>De acuerdo con el reporte de los cuerpos de emergencia, el siniestro inici\u00f3 a las seis de la ma\u00f1ana de este lunes 27 de mayo en la zona de Las Trancas, en los l\u00edmites de la ciudad de Xalapa con el municipio de Emiliano Zapata.<\/p>\n\n\n\n<p>El fuego pudo observarse sobre la carretera federal Xalapa-Veracruz, a la altura de una plaza comercial que reci\u00e9n fue construida en la zona de Las Trancas.<\/p>\n\n\n\n<p>Uno de los rescatistas coment\u00f3 de forma an\u00f3nima que el incendio pudo haber sido provocado por la quema de basura, situaci\u00f3n que es com\u00fan en esa zona por las ma\u00f1anas.<\/p>\n\n\n\n<p>A las acciones de combate se sumaron los bomberos de Emiliano Zapata y de la ciudad de Xalapa; sin embargo, ha sido dif\u00edcil controlar el incendio por la falta de agua.<\/p>\n\n\n\n<p>\u201cComo es puro pastizal y est\u00e1 todo seco son de 5 a 10 hect\u00e1reas m\u00ednimo (afectadas), como est\u00e1 la temporada alta de calor, pues con tantito se va muy lejos (se extiende el fuego)\u201d, expres\u00f3.<\/p>\n\n\n\n<p>El fuego se acerc\u00f3 a la zona habitacional Valle Real, ubicada a un costado de la Central de Abastos en Xalapa.<\/p>\n\n\n\n<p>\u201cEl efecto lupa s\u00ed se da, pero tambi\u00e9n por el horario alguien quiso quemar basura y pues provoc\u00f3 esto. En la zona conurbada tenemos tambi\u00e9n apoyo de bomberos de aquel lado y protecci\u00f3n civil de Xalapa\u201d, detall\u00f3.<\/p>\n","protected":false},"excerpt":{"rendered":"<p>Juan Arcos Xalapa, Ver.- Un incendio de pastizal y arbusto consumi\u00f3 cerca de 10 hect\u00e1reas en la zona del acceso a la Central de Abastos, donde laboran elementos de Protecci\u00f3n Civil del ayuntamiento de Emiliano Zapata para su control y liquidaci\u00f3n. De acuerdo con el reporte de los cuerpos de emergencia, el siniestro inici\u00f3 a [&hellip;]<\/p>\n","protected":false},"author":2476,"featured_media":54937,"comment_status":"open","ping_status":"open","sticky":false,"template":"","format":"standard","meta":{"_jetpack_memberships_contains_paid_content":false,"footnotes":""},"categories":[8],"tags":[],"class_list":["post-54936","post","type-post","status-publish","format-standard","has-post-thumbnail","hentry","category-region"],"jetpack_featured_media_url":"https:\/\/encuentroinformativo.com.mx\/wp-content\/uploads\/2024\/05\/IMG_7311.jpg","jetpack_sharing_enabled":true,"jetpack_likes_enabled":true,"amp_enabled":true,"_links":{"self":[{"href":"https:\/\/encuentroinformativo.com.mx\/index.php?rest_route=\/wp\/v2\/posts\/54936","targetHints":{"allow":["GET"]}}],"collection":[{"href":"https:\/\/encuentroinformativo.com.mx\/index.php?rest_route=\/wp\/v2\/posts"}],"about":[{"href":"https:\/\/encuentroinformativo.com.mx\/index.php?rest_route=\/wp\/v2\/types\/post"}],"author":[{"embeddable":true,"href":"https:\/\/encuentroinformativo.com.mx\/index.php?rest_route=\/wp\/v2\/users\/2476"}],"replies":[{"embeddable":true,"href":"https:\/\/encuentroinformativo.com.mx\/index.php?rest_route=%2Fwp%2Fv2%2Fcomments&post=54936"}],"version-history":[{"count":1,"href":"https:\/\/encuentroinformativo.com.mx\/index.php?rest_route=\/wp\/v2\/posts\/54936\/revisions"}],"predecessor-version":[{"id":54938,"href":"https:\/\/encuentroinformativo.com.mx\/index.php?rest_route=\/wp\/v2\/posts\/54936\/revisions\/54938"}],"wp:featuredmedia":[{"embeddable":true,"href":"https:\/\/encuentroinformativo.com.mx\/index.php?rest_route=\/wp\/v2\/media\/54937"}],"wp:attachment":[{"href":"https:\/\/encuentroinformativo.com.mx\/index.php?rest_route=%2Fwp%2Fv2%2Fmedia&parent=54936"}],"wp:term":[{"taxonomy":"category","embeddable":true,"href":"https:\/\/encuentroinformativo.com.mx\/index.php?rest_route=%2Fwp%2Fv2%2Fcategories&post=54936"},{"taxonomy":"post_tag","embeddable":true,"href":"https:\/\/encuentroinformativo.com.mx\/index.php?rest_route=%2Fwp%2Fv2%2Ftags&post=54936"}],"curies":[{"name":"wp","href":"https:\/\/api.w.org\/{rel}","templated":true}]}}