{"id":54942,"date":"2024-05-27T14:33:59","date_gmt":"2024-05-27T20:33:59","guid":{"rendered":"https:\/\/encuentroinformativo.com.mx\/?p=54942"},"modified":"2024-05-27T14:34:05","modified_gmt":"2024-05-27T20:34:05","slug":"muere-hombre-en-la-zona-de-los-lagos","status":"publish","type":"post","link":"https:\/\/encuentroinformativo.com.mx\/?p=54942","title":{"rendered":"Muere hombre en la zona de Los Lagos"},"content":{"rendered":"\n<p><strong>Juan Arcos <\/strong><\/p>\n\n\n\n<p>Xalapa, Ver.- Una persona muri\u00f3 aparentemente de un paro cardiaco en la zona del Paseo de los Lagos de esta ciudad de Xalapa, lo que gener\u00f3 una fuerte movilizaci\u00f3n de los cuerpos de emergencia.<\/p>\n\n\n\n<p>Los hechos ocurrieron alrededor de las 11:00 horas de este lunes 27 de mayo, sobre la calle El Dique, a pocos metros de la Casa del Lago de la Universidad Veracruzana.<\/p>\n\n\n\n<p>El operativo se observ\u00f3 sobre las calles Belisario Dom\u00ednguez y Atletas, a dos o tres cuadras del Palacio Municipal y de Palacio de Gobierno, en las inmediaciones de la Facultad de Artes de la m\u00e1xima casa de estudios.<\/p>\n\n\n\n<p>De acuerdo con los primeros reportes, el fallecido era un se\u00f1or de unos 58 a\u00f1os, quien caminaba sobre la baqueta y comenz\u00f3 a sentirse mal hasta desvanecerse.<\/p>\n\n\n\n<p>De inmediato, fue auxiliado por los vecinos y comerciantes de la zona, quienes llamaron al n\u00famero de emergencia 911 para solicitar la presencia de una ambulancia.<\/p>\n\n\n\n<p>Al lugar arribaron param\u00e9dicos para brindar los primeros auxilios pero constataron que el se\u00f1or ya no contaba con signos vitales.<\/p>\n\n\n\n<p>La calle El Dique fue acordonada por elementos de la Polic\u00eda Municipal y Estatal, en espera del personal de Servicios Periciales para el levantamiento del cuerpo.<\/p>\n","protected":false},"excerpt":{"rendered":"<p>Juan Arcos Xalapa, Ver.- Una persona muri\u00f3 aparentemente de un paro cardiaco en la zona del Paseo de los Lagos de esta ciudad de Xalapa, lo que gener\u00f3 una fuerte movilizaci\u00f3n de los cuerpos de emergencia. Los hechos ocurrieron alrededor de las 11:00 horas de este lunes 27 de mayo, sobre la calle El Dique, [&hellip;]<\/p>\n","protected":false},"author":2476,"featured_media":54943,"comment_status":"open","ping_status":"open","sticky":false,"template":"","format":"standard","meta":{"_jetpack_memberships_contains_paid_content":false,"footnotes":""},"categories":[3],"tags":[],"class_list":["post-54942","post","type-post","status-publish","format-standard","has-post-thumbnail","hentry","category-xalapa"],"jetpack_featured_media_url":"https:\/\/encuentroinformativo.com.mx\/wp-content\/uploads\/2024\/05\/0a8f0e5e-d216-4661-9926-5fe78e98c736.jpg","jetpack_sharing_enabled":true,"jetpack_likes_enabled":true,"amp_enabled":true,"_links":{"self":[{"href":"https:\/\/encuentroinformativo.com.mx\/index.php?rest_route=\/wp\/v2\/posts\/54942","targetHints":{"allow":["GET"]}}],"collection":[{"href":"https:\/\/encuentroinformativo.com.mx\/index.php?rest_route=\/wp\/v2\/posts"}],"about":[{"href":"https:\/\/encuentroinformativo.com.mx\/index.php?rest_route=\/wp\/v2\/types\/post"}],"author":[{"embeddable":true,"href":"https:\/\/encuentroinformativo.com.mx\/index.php?rest_route=\/wp\/v2\/users\/2476"}],"replies":[{"embeddable":true,"href":"https:\/\/encuentroinformativo.com.mx\/index.php?rest_route=%2Fwp%2Fv2%2Fcomments&post=54942"}],"version-history":[{"count":1,"href":"https:\/\/encuentroinformativo.com.mx\/index.php?rest_route=\/wp\/v2\/posts\/54942\/revisions"}],"predecessor-version":[{"id":54944,"href":"https:\/\/encuentroinformativo.com.mx\/index.php?rest_route=\/wp\/v2\/posts\/54942\/revisions\/54944"}],"wp:featuredmedia":[{"embeddable":true,"href":"https:\/\/encuentroinformativo.com.mx\/index.php?rest_route=\/wp\/v2\/media\/54943"}],"wp:attachment":[{"href":"https:\/\/encuentroinformativo.com.mx\/index.php?rest_route=%2Fwp%2Fv2%2Fmedia&parent=54942"}],"wp:term":[{"taxonomy":"category","embeddable":true,"href":"https:\/\/encuentroinformativo.com.mx\/index.php?rest_route=%2Fwp%2Fv2%2Fcategories&post=54942"},{"taxonomy":"post_tag","embeddable":true,"href":"https:\/\/encuentroinformativo.com.mx\/index.php?rest_route=%2Fwp%2Fv2%2Ftags&post=54942"}],"curies":[{"name":"wp","href":"https:\/\/api.w.org\/{rel}","templated":true}]}}