{"id":54950,"date":"2024-05-27T14:54:22","date_gmt":"2024-05-27T20:54:22","guid":{"rendered":"https:\/\/encuentroinformativo.com.mx\/?p=54950"},"modified":"2024-05-27T14:54:27","modified_gmt":"2024-05-27T20:54:27","slug":"se-suma-asociacion-a-campana-de-pepe-yunes","status":"publish","type":"post","link":"https:\/\/encuentroinformativo.com.mx\/?p=54950","title":{"rendered":"Se suma Asociaci\u00f3n a campa\u00f1a de Pepe Yunes"},"content":{"rendered":"\n<p><strong>Dar\u00edo Pale <\/strong><\/p>\n\n\n\n<p>Xalapa, Ver.- Integrantes de la Asociaci\u00f3n Pol\u00edtica Nacional 5 de Mayo Movimiento Reformador, anunci\u00f3 su respaldo a la coalici\u00f3n Fuerza y Coraz\u00f3n por M\u00e9xico, as\u00ed lo dio a conocer la presidenta de la agrupaci\u00f3n, Mayeline Hern\u00e1ndez Miranda.<\/p>\n\n\n\n<p>En conferencia de prensa indic\u00f3 que esta decisi\u00f3n fue en consenso y dijo que el apoyo a esa alianza es 5 de 5, pues consideran que sus candidatos tienen las mejores propuestas para recuperar el estado, inform\u00f3 ademas que el d\u00eda de ma\u00f1ana se realizar\u00e1 un foro de mujeres\u00a0<\/p>\n\n\n\n<p>Por su parte, Edgar Zavaleta, agreg\u00f3 que hace unos d\u00edas tuvieron un acercamiento con el candidato a la gubernatura, Jose Yunes Zorrilla para escuchar sus propuestas.<\/p>\n\n\n\n<p>Del mismo modo, inst\u00f3 a la poblaci\u00f3n a votar, pero tambi\u00e9n a que cuiden las casillas, \u201cque todo se lleve en perfecto orden, evitemos que haya agresiones, esta parte de compra de votos, y que no haya democracia\u201d, coment\u00f3.<\/p>\n\n\n\n<p>\u201cBuscamos esta parte de la democracia y que todo salga en orden y creemos que el pr\u00f3ximo gobernador ser\u00e1 Jos\u00e9 Yunes Zorrilla y la presidenta sea X\u00f3chitl G\u00e1lvez\u201d, agreg\u00f3.<\/p>\n\n\n\n<p>Finalmente dijo que las propuestas que escucharon de dicha coalici\u00f3n van enfocadas en recuperar las estancias infantiles, la seguridad, generar trabajo, becas para j\u00f3venes y proyectos para el campo, entre otros temas.<\/p>\n","protected":false},"excerpt":{"rendered":"<p>Dar\u00edo Pale Xalapa, Ver.- Integrantes de la Asociaci\u00f3n Pol\u00edtica Nacional 5 de Mayo Movimiento Reformador, anunci\u00f3 su respaldo a la coalici\u00f3n Fuerza y Coraz\u00f3n por M\u00e9xico, as\u00ed lo dio a conocer la presidenta de la agrupaci\u00f3n, Mayeline Hern\u00e1ndez Miranda. En conferencia de prensa indic\u00f3 que esta decisi\u00f3n fue en consenso y dijo que el apoyo [&hellip;]<\/p>\n","protected":false},"author":2476,"featured_media":54951,"comment_status":"open","ping_status":"open","sticky":false,"template":"","format":"standard","meta":{"_jetpack_memberships_contains_paid_content":false,"footnotes":""},"categories":[2],"tags":[],"class_list":["post-54950","post","type-post","status-publish","format-standard","has-post-thumbnail","hentry","category-estado"],"jetpack_featured_media_url":"https:\/\/encuentroinformativo.com.mx\/wp-content\/uploads\/2024\/05\/IMG-20240527-WA00882.jpg","jetpack_sharing_enabled":true,"jetpack_likes_enabled":true,"amp_enabled":true,"_links":{"self":[{"href":"https:\/\/encuentroinformativo.com.mx\/index.php?rest_route=\/wp\/v2\/posts\/54950","targetHints":{"allow":["GET"]}}],"collection":[{"href":"https:\/\/encuentroinformativo.com.mx\/index.php?rest_route=\/wp\/v2\/posts"}],"about":[{"href":"https:\/\/encuentroinformativo.com.mx\/index.php?rest_route=\/wp\/v2\/types\/post"}],"author":[{"embeddable":true,"href":"https:\/\/encuentroinformativo.com.mx\/index.php?rest_route=\/wp\/v2\/users\/2476"}],"replies":[{"embeddable":true,"href":"https:\/\/encuentroinformativo.com.mx\/index.php?rest_route=%2Fwp%2Fv2%2Fcomments&post=54950"}],"version-history":[{"count":1,"href":"https:\/\/encuentroinformativo.com.mx\/index.php?rest_route=\/wp\/v2\/posts\/54950\/revisions"}],"predecessor-version":[{"id":54952,"href":"https:\/\/encuentroinformativo.com.mx\/index.php?rest_route=\/wp\/v2\/posts\/54950\/revisions\/54952"}],"wp:featuredmedia":[{"embeddable":true,"href":"https:\/\/encuentroinformativo.com.mx\/index.php?rest_route=\/wp\/v2\/media\/54951"}],"wp:attachment":[{"href":"https:\/\/encuentroinformativo.com.mx\/index.php?rest_route=%2Fwp%2Fv2%2Fmedia&parent=54950"}],"wp:term":[{"taxonomy":"category","embeddable":true,"href":"https:\/\/encuentroinformativo.com.mx\/index.php?rest_route=%2Fwp%2Fv2%2Fcategories&post=54950"},{"taxonomy":"post_tag","embeddable":true,"href":"https:\/\/encuentroinformativo.com.mx\/index.php?rest_route=%2Fwp%2Fv2%2Ftags&post=54950"}],"curies":[{"name":"wp","href":"https:\/\/api.w.org\/{rel}","templated":true}]}}