{"id":54968,"date":"2024-05-28T01:10:39","date_gmt":"2024-05-28T07:10:39","guid":{"rendered":"https:\/\/encuentroinformativo.com.mx\/?p=54968"},"modified":"2024-05-28T01:10:48","modified_gmt":"2024-05-28T07:10:48","slug":"con-el-apoyo-de-miles-de-ciudadanos-cierra-pepe-yunes-campana-regional-en-la-zona-centro","status":"publish","type":"post","link":"https:\/\/encuentroinformativo.com.mx\/?p=54968","title":{"rendered":"Con el apoyo de miles de ciudadanos, cierra Pepe Yunes campa\u00f1a regional en la zona centro"},"content":{"rendered":"\n<p><strong>* Le acompa\u00f1an candidatos al Senado, al Congreso Federal y Local.<\/strong><\/p>\n\n\n\n<p>Huatusco, Ver.- En el cierre regional de la zona centro, que tuvo como sede el municipio de Huatusco, el candidato al Gobierno de Veracruz, Jos\u00e9 Francisco Yunes Zorrilla, se comprometi\u00f3 a encabezar un gobierno que no busque pretextos y que, por el contrario, centre todos sus esfuerzos por atender y resolver los problemas de la entidad. &#8220;Junto con ustedes encabezar un gobierno de verdad que pueda ver a la gente de frente y a los ojos, y que con honestidad le d\u00e9 respuesta y soluci\u00f3n a los temas que a ustedes les interesa&#8221;, dijo.<\/p>\n\n\n\n<p>En presencia de miles de ciudadanos que acudieron de Huatusco y los municipios vecinos, Pepe Yunes destac\u00f3 que &#8220;hoy nos convoca ese deseo inagotable de cambiar nuestra realidad por algo mejor. Por algo que se ajuste a nuestra grandeza, por algo que responda a lo que valemos y merecemos&#8221;.<\/p>\n\n\n\n<p>En compa\u00f1\u00eda de los candidatos al Senado, al Congreso Federal y Local, que hicieron propio el compromiso del candidato, llam\u00f3 a caminar en una misma ruta y a hacer valer la decisi\u00f3n de construir, con la suma de esfuerzos de todas y todos, un mejor estado.<\/p>\n\n\n\n<p>&#8220;Caminaremos como uno solo a hacer valer nuestra decisi\u00f3n, la decisi\u00f3n de un Veracruz destinado a la grandeza, y que esa grandeza se sienta y retumbe en todas las regiones del estado, en todas las casas, en todas las parcelas, en todas sus aulas, en todas sus cl\u00ednicas y en todos los rincones donde haya una veracruzana y un veracruzano dispuestos a vivir feliz y a luchar por la vida que merecen&#8221;.<\/p>\n\n\n\n<p>De igual manera, destac\u00f3 que a las y los veracruzanos hoy les convoca un mismo deseo, el de &#8220;cambiar nuestra realidad por algo mejor. Por algo que se ajuste a nuestra grandeza, por algo que responda a lo que valemos y merecemos&#8221;.<\/p>\n\n\n\n<p>En un ambiente de triunfo, en el que las y los asistentes mostraron su apoyo indiscutible a las y los candidatos de la coaliciones Fuerza y Coraz\u00f3n por M\u00e9xico y Fuerza y Coraz\u00f3n por Veracruz, Pepe Yunes finaliz\u00f3 su mensaje asegura que &#8220;ganamos esta elecci\u00f3n, hag\u00e1mosla valer con nuestro voto, con nuestra participaci\u00f3n el pr\u00f3ximo 02 de junio&#8221;.<\/p>\n","protected":false},"excerpt":{"rendered":"<p>* Le acompa\u00f1an candidatos al Senado, al Congreso Federal y Local. Huatusco, Ver.- En el cierre regional de la zona centro, que tuvo como sede el municipio de Huatusco, el candidato al Gobierno de Veracruz, Jos\u00e9 Francisco Yunes Zorrilla, se comprometi\u00f3 a encabezar un gobierno que no busque pretextos y que, por el contrario, centre [&hellip;]<\/p>\n","protected":false},"author":2476,"featured_media":54969,"comment_status":"open","ping_status":"open","sticky":false,"template":"","format":"standard","meta":{"_jetpack_memberships_contains_paid_content":false,"footnotes":""},"categories":[2],"tags":[],"class_list":["post-54968","post","type-post","status-publish","format-standard","has-post-thumbnail","hentry","category-estado"],"jetpack_featured_media_url":"https:\/\/encuentroinformativo.com.mx\/wp-content\/uploads\/2024\/05\/IMG-20240527-WA0173.jpg","jetpack_sharing_enabled":true,"jetpack_likes_enabled":true,"amp_enabled":true,"_links":{"self":[{"href":"https:\/\/encuentroinformativo.com.mx\/index.php?rest_route=\/wp\/v2\/posts\/54968","targetHints":{"allow":["GET"]}}],"collection":[{"href":"https:\/\/encuentroinformativo.com.mx\/index.php?rest_route=\/wp\/v2\/posts"}],"about":[{"href":"https:\/\/encuentroinformativo.com.mx\/index.php?rest_route=\/wp\/v2\/types\/post"}],"author":[{"embeddable":true,"href":"https:\/\/encuentroinformativo.com.mx\/index.php?rest_route=\/wp\/v2\/users\/2476"}],"replies":[{"embeddable":true,"href":"https:\/\/encuentroinformativo.com.mx\/index.php?rest_route=%2Fwp%2Fv2%2Fcomments&post=54968"}],"version-history":[{"count":1,"href":"https:\/\/encuentroinformativo.com.mx\/index.php?rest_route=\/wp\/v2\/posts\/54968\/revisions"}],"predecessor-version":[{"id":54970,"href":"https:\/\/encuentroinformativo.com.mx\/index.php?rest_route=\/wp\/v2\/posts\/54968\/revisions\/54970"}],"wp:featuredmedia":[{"embeddable":true,"href":"https:\/\/encuentroinformativo.com.mx\/index.php?rest_route=\/wp\/v2\/media\/54969"}],"wp:attachment":[{"href":"https:\/\/encuentroinformativo.com.mx\/index.php?rest_route=%2Fwp%2Fv2%2Fmedia&parent=54968"}],"wp:term":[{"taxonomy":"category","embeddable":true,"href":"https:\/\/encuentroinformativo.com.mx\/index.php?rest_route=%2Fwp%2Fv2%2Fcategories&post=54968"},{"taxonomy":"post_tag","embeddable":true,"href":"https:\/\/encuentroinformativo.com.mx\/index.php?rest_route=%2Fwp%2Fv2%2Ftags&post=54968"}],"curies":[{"name":"wp","href":"https:\/\/api.w.org\/{rel}","templated":true}]}}