{"id":54973,"date":"2024-05-28T10:13:24","date_gmt":"2024-05-28T16:13:24","guid":{"rendered":"https:\/\/encuentroinformativo.com.mx\/?p=54973"},"modified":"2024-05-28T10:13:32","modified_gmt":"2024-05-28T16:13:32","slug":"levantan-planton-de-secretaria-de-salud","status":"publish","type":"post","link":"https:\/\/encuentroinformativo.com.mx\/?p=54973","title":{"rendered":"Levantan plant\u00f3n de Secretar\u00eda de Salud"},"content":{"rendered":"\n<p><strong>Dar\u00edo Pale <\/strong><\/p>\n\n\n\n<p>Xalapa, Ver.- Jes\u00fas Galicia Reyes Secretario General del Sindicato Nacional de Trabajadores de la Secretaria de Salud (SNTSA), dio a conocer que despu\u00e9s de seis d\u00edas levantan el paro de labores en la Secretaria de Salud.<\/p>\n\n\n\n<p>Integrantes del Sindicato de Salud Secci\u00f3n N\u00famero 70 levantaron la ma\u00f1ana de este martes el paro de labores que manten\u00edan en las oficinas administrativas \u00a0de la Secretar\u00eda de Salud de Veracruz.\u00a0<\/p>\n\n\n\n<p>El secretario general dio a conocer que resolvieron los 9 acuerdos planteados a dicha dependencia estatal y que adem\u00e1s se comprometieron a que no hubiera represalias contra los trabajadores que estuvieron en paro.\u00a0<\/p>\n\n\n\n<p>&#8220;Respetando los derechos de los trabajadores e inclusive lo que ped\u00edamos tambi\u00e9n&#8221;, se\u00f1al\u00f3.<\/p>\n\n\n\n<p>Sobre las investigaciones de la Fiscal\u00eda General del Estado abiertas \u00a0el pasado jueves a consecuencia del paro en las oficinas centrales de la Secretar\u00eda, dijo que las carpetas de investigaci\u00f3n &#8220;se van a poder resolver en el \u00e1nimo de que llegamos a un buen acuerdo&#8221;. \u00a0<\/p>\n\n\n\n<p>Por \u00faltimo cabe se\u00f1alar que, los trabajadores regresaron a sus funciones en las distintas \u00e1reas.<\/p>\n\n\n\n<figure class=\"wp-block-image size-large\"><img loading=\"lazy\" decoding=\"async\" width=\"1024\" height=\"576\" src=\"https:\/\/encuentroinformativo.com.mx\/wp-content\/uploads\/2024\/05\/IMG-20240528-WA0018-1024x576.jpg\" alt=\"\" class=\"wp-image-54975\" srcset=\"https:\/\/encuentroinformativo.com.mx\/wp-content\/uploads\/2024\/05\/IMG-20240528-WA0018-1024x576.jpg 1024w, https:\/\/encuentroinformativo.com.mx\/wp-content\/uploads\/2024\/05\/IMG-20240528-WA0018-300x169.jpg 300w, https:\/\/encuentroinformativo.com.mx\/wp-content\/uploads\/2024\/05\/IMG-20240528-WA0018-768x432.jpg 768w, https:\/\/encuentroinformativo.com.mx\/wp-content\/uploads\/2024\/05\/IMG-20240528-WA0018-1536x864.jpg 1536w, https:\/\/encuentroinformativo.com.mx\/wp-content\/uploads\/2024\/05\/IMG-20240528-WA0018.jpg 1600w\" sizes=\"auto, (max-width: 1024px) 100vw, 1024px\" \/><\/figure>\n","protected":false},"excerpt":{"rendered":"<p>Dar\u00edo Pale Xalapa, Ver.- Jes\u00fas Galicia Reyes Secretario General del Sindicato Nacional de Trabajadores de la Secretaria de Salud (SNTSA), dio a conocer que despu\u00e9s de seis d\u00edas levantan el paro de labores en la Secretaria de Salud. Integrantes del Sindicato de Salud Secci\u00f3n N\u00famero 70 levantaron la ma\u00f1ana de este martes el paro de [&hellip;]<\/p>\n","protected":false},"author":2476,"featured_media":54974,"comment_status":"open","ping_status":"open","sticky":false,"template":"","format":"standard","meta":{"_jetpack_memberships_contains_paid_content":false,"footnotes":""},"categories":[9],"tags":[],"class_list":["post-54973","post","type-post","status-publish","format-standard","has-post-thumbnail","hentry","category-salud"],"jetpack_featured_media_url":"https:\/\/encuentroinformativo.com.mx\/wp-content\/uploads\/2024\/05\/IMG-20240528-WA0019.jpg","jetpack_sharing_enabled":true,"jetpack_likes_enabled":true,"amp_enabled":true,"_links":{"self":[{"href":"https:\/\/encuentroinformativo.com.mx\/index.php?rest_route=\/wp\/v2\/posts\/54973","targetHints":{"allow":["GET"]}}],"collection":[{"href":"https:\/\/encuentroinformativo.com.mx\/index.php?rest_route=\/wp\/v2\/posts"}],"about":[{"href":"https:\/\/encuentroinformativo.com.mx\/index.php?rest_route=\/wp\/v2\/types\/post"}],"author":[{"embeddable":true,"href":"https:\/\/encuentroinformativo.com.mx\/index.php?rest_route=\/wp\/v2\/users\/2476"}],"replies":[{"embeddable":true,"href":"https:\/\/encuentroinformativo.com.mx\/index.php?rest_route=%2Fwp%2Fv2%2Fcomments&post=54973"}],"version-history":[{"count":1,"href":"https:\/\/encuentroinformativo.com.mx\/index.php?rest_route=\/wp\/v2\/posts\/54973\/revisions"}],"predecessor-version":[{"id":54976,"href":"https:\/\/encuentroinformativo.com.mx\/index.php?rest_route=\/wp\/v2\/posts\/54973\/revisions\/54976"}],"wp:featuredmedia":[{"embeddable":true,"href":"https:\/\/encuentroinformativo.com.mx\/index.php?rest_route=\/wp\/v2\/media\/54974"}],"wp:attachment":[{"href":"https:\/\/encuentroinformativo.com.mx\/index.php?rest_route=%2Fwp%2Fv2%2Fmedia&parent=54973"}],"wp:term":[{"taxonomy":"category","embeddable":true,"href":"https:\/\/encuentroinformativo.com.mx\/index.php?rest_route=%2Fwp%2Fv2%2Fcategories&post=54973"},{"taxonomy":"post_tag","embeddable":true,"href":"https:\/\/encuentroinformativo.com.mx\/index.php?rest_route=%2Fwp%2Fv2%2Ftags&post=54973"}],"curies":[{"name":"wp","href":"https:\/\/api.w.org\/{rel}","templated":true}]}}