{"id":54977,"date":"2024-05-28T11:28:30","date_gmt":"2024-05-28T17:28:30","guid":{"rendered":"https:\/\/encuentroinformativo.com.mx\/?p=54977"},"modified":"2024-05-28T11:28:36","modified_gmt":"2024-05-28T17:28:36","slug":"habra-elecciones-limpias-y-democraticas-afirma-manuel-huerta","status":"publish","type":"post","link":"https:\/\/encuentroinformativo.com.mx\/?p=54977","title":{"rendered":"Habr\u00e1 elecciones limpias y democr\u00e1ticas, afirma Manuel Huerta"},"content":{"rendered":"\n<p><strong>Alejandro \u00c1vila<\/strong><\/p>\n\n\n\n<p>Veracruz, Ver.- El candidato a la segunda f\u00f3rmula del Senado por Morena, Manuel Huerta Ladr\u00f3n de Guevara, asegur\u00f3 que las elecciones del 2 de junio ser\u00e1n limpias y democr\u00e1ticas, donde la ciudadan\u00eda podr\u00e1 expresar libremente su simpat\u00eda por alguno de los proyectos pol\u00edticos.<\/p>\n\n\n\n<p>&#8220;Sabemos que el d\u00eda 2 la gente va a salir a votar, sabemos con agrado que la Canaco, el conjunto de la sociedad est\u00e1n generando acciones, los medios de comunicaci\u00f3n, la CIRT concretamente llamando al voto que es muy importante. Estoy convencido de que vamos a tener las elecciones m\u00e1s limpias, m\u00e1s democr\u00e1ticas y que la voluntad popular se va a expresar&#8221;, declar\u00f3.<\/p>\n\n\n\n<p>El ex delegado de Bienestar visit\u00f3 el puerto de Veracruz, pues fue invitado a un foro sobre personas con discapacidad, en entrevista mencion\u00f3 que este martes por la tarde estar\u00e1 en el municipio de Actopan y, a primera hora de este mi\u00e9rcoles viajar\u00e1 a la Ciudad de M\u00e9xico para el cierre masivo de la candidata a la presidencia, Claudia Sheinbaum Pardo en el z\u00f3calo.<\/p>\n\n\n\n<p>Finalmente, Manuel Huerta dijo que no existe ninguna irregularidad durante su administraci\u00f3n en la delegaci\u00f3n de Bienestar, y que si bien hubo algunas observaciones en algunos ejercicios fiscales, todas fueron solventadas antes de su salida.<\/p>\n","protected":false},"excerpt":{"rendered":"<p>Alejandro \u00c1vila Veracruz, Ver.- El candidato a la segunda f\u00f3rmula del Senado por Morena, Manuel Huerta Ladr\u00f3n de Guevara, asegur\u00f3 que las elecciones del 2 de junio ser\u00e1n limpias y democr\u00e1ticas, donde la ciudadan\u00eda podr\u00e1 expresar libremente su simpat\u00eda por alguno de los proyectos pol\u00edticos. &#8220;Sabemos que el d\u00eda 2 la gente va a salir [&hellip;]<\/p>\n","protected":false},"author":2476,"featured_media":54978,"comment_status":"open","ping_status":"open","sticky":false,"template":"","format":"standard","meta":{"_jetpack_memberships_contains_paid_content":false,"footnotes":""},"categories":[2],"tags":[],"class_list":["post-54977","post","type-post","status-publish","format-standard","has-post-thumbnail","hentry","category-estado"],"jetpack_featured_media_url":"https:\/\/encuentroinformativo.com.mx\/wp-content\/uploads\/2024\/05\/IMG-20240528-WA0032-scaled.jpg","jetpack_sharing_enabled":true,"jetpack_likes_enabled":true,"amp_enabled":true,"_links":{"self":[{"href":"https:\/\/encuentroinformativo.com.mx\/index.php?rest_route=\/wp\/v2\/posts\/54977","targetHints":{"allow":["GET"]}}],"collection":[{"href":"https:\/\/encuentroinformativo.com.mx\/index.php?rest_route=\/wp\/v2\/posts"}],"about":[{"href":"https:\/\/encuentroinformativo.com.mx\/index.php?rest_route=\/wp\/v2\/types\/post"}],"author":[{"embeddable":true,"href":"https:\/\/encuentroinformativo.com.mx\/index.php?rest_route=\/wp\/v2\/users\/2476"}],"replies":[{"embeddable":true,"href":"https:\/\/encuentroinformativo.com.mx\/index.php?rest_route=%2Fwp%2Fv2%2Fcomments&post=54977"}],"version-history":[{"count":1,"href":"https:\/\/encuentroinformativo.com.mx\/index.php?rest_route=\/wp\/v2\/posts\/54977\/revisions"}],"predecessor-version":[{"id":54979,"href":"https:\/\/encuentroinformativo.com.mx\/index.php?rest_route=\/wp\/v2\/posts\/54977\/revisions\/54979"}],"wp:featuredmedia":[{"embeddable":true,"href":"https:\/\/encuentroinformativo.com.mx\/index.php?rest_route=\/wp\/v2\/media\/54978"}],"wp:attachment":[{"href":"https:\/\/encuentroinformativo.com.mx\/index.php?rest_route=%2Fwp%2Fv2%2Fmedia&parent=54977"}],"wp:term":[{"taxonomy":"category","embeddable":true,"href":"https:\/\/encuentroinformativo.com.mx\/index.php?rest_route=%2Fwp%2Fv2%2Fcategories&post=54977"},{"taxonomy":"post_tag","embeddable":true,"href":"https:\/\/encuentroinformativo.com.mx\/index.php?rest_route=%2Fwp%2Fv2%2Ftags&post=54977"}],"curies":[{"name":"wp","href":"https:\/\/api.w.org\/{rel}","templated":true}]}}