{"id":54991,"date":"2024-05-28T14:25:59","date_gmt":"2024-05-28T20:25:59","guid":{"rendered":"https:\/\/encuentroinformativo.com.mx\/?p=54991"},"modified":"2024-05-28T14:26:06","modified_gmt":"2024-05-28T20:26:06","slug":"el-boricua-carlos-rivera-sera-el-coach-de-halcones-rojos-en-2024","status":"publish","type":"post","link":"https:\/\/encuentroinformativo.com.mx\/?p=54991","title":{"rendered":"El boricua, Carlos Rivera ser\u00e1 el coach de Halcones Rojos en 2024"},"content":{"rendered":"\n<p><strong>Alejandro \u00c1vila<\/strong><\/p>\n\n\n\n<p>Veracruz, Ver.- El puertorrique\u00f1o, Carlos Rivera, ser\u00e1 el entrenador en jefe de los Halcones Rojos de Veracruz para la temporada 2024; en el banquillo estar\u00e1 acompa\u00f1ado por Sergio &#8220;La Oveja&#8221; Hern\u00e1ndez, exeleccionador de Argentina.<\/p>\n\n\n\n<p>Carlos Rub\u00e9n Rivera Ruiz, nacido el 5 de febrero de 1983 en San Germ\u00e1n, Puerto Rico, asumi\u00f3 este a\u00f1o su primer cargo como coach profesional en Leones de Ponce, club donde se retir\u00f3 como jugador.<\/p>\n\n\n\n<p>Rivera llegar\u00e1 a Veracruz en mancuerna con Sergio Hern\u00e1ndez, repitiendo la sociedad que formaron en los banquillos del BSN de Puerto Rico desde la temporada 2023.<\/p>\n\n\n\n<p>Sergio Santos Hern\u00e1ndez, ex-seleccionador de Argentina nacido el 1 de noviembre de 1963 en Bah\u00eda Blanca, fungir\u00e1 como head coach asociado. &#8216;Oveja&#8217; apoyar\u00e1 en la conformaci\u00f3n del r\u00f3ster y en la pretemporada que iniciar\u00e1 el pr\u00f3ximo 15 de junio.<\/p>\n\n\n\n<p>Esta ser\u00e1 la primera experiencia de ambos como dirigentes en la Liga Nacional de Baloncesto Profesional de M\u00e9xico, una apuesta con el objetivo de construir y asentar el equipo competitivo que represente dignamente a Veracruz.<\/p>\n\n\n\n<p>Carlos Rivera es un \u00eddolo en la organizaci\u00f3n de Halcones Rojos de Veracruz, pues fue parte de los 2 t\u00edtulos que logr\u00f3 la quinteta emplumada bajo la direcci\u00f3n de Eddie Casiano.<\/p>\n","protected":false},"excerpt":{"rendered":"<p>Alejandro \u00c1vila Veracruz, Ver.- El puertorrique\u00f1o, Carlos Rivera, ser\u00e1 el entrenador en jefe de los Halcones Rojos de Veracruz para la temporada 2024; en el banquillo estar\u00e1 acompa\u00f1ado por Sergio &#8220;La Oveja&#8221; Hern\u00e1ndez, exeleccionador de Argentina. Carlos Rub\u00e9n Rivera Ruiz, nacido el 5 de febrero de 1983 en San Germ\u00e1n, Puerto Rico, asumi\u00f3 este a\u00f1o [&hellip;]<\/p>\n","protected":false},"author":2476,"featured_media":54992,"comment_status":"open","ping_status":"open","sticky":false,"template":"","format":"standard","meta":{"_jetpack_memberships_contains_paid_content":false,"footnotes":""},"categories":[2],"tags":[],"class_list":["post-54991","post","type-post","status-publish","format-standard","has-post-thumbnail","hentry","category-estado"],"jetpack_featured_media_url":"https:\/\/encuentroinformativo.com.mx\/wp-content\/uploads\/2024\/05\/IMG-20240528-WA0124.jpg","jetpack_sharing_enabled":true,"jetpack_likes_enabled":true,"amp_enabled":true,"_links":{"self":[{"href":"https:\/\/encuentroinformativo.com.mx\/index.php?rest_route=\/wp\/v2\/posts\/54991","targetHints":{"allow":["GET"]}}],"collection":[{"href":"https:\/\/encuentroinformativo.com.mx\/index.php?rest_route=\/wp\/v2\/posts"}],"about":[{"href":"https:\/\/encuentroinformativo.com.mx\/index.php?rest_route=\/wp\/v2\/types\/post"}],"author":[{"embeddable":true,"href":"https:\/\/encuentroinformativo.com.mx\/index.php?rest_route=\/wp\/v2\/users\/2476"}],"replies":[{"embeddable":true,"href":"https:\/\/encuentroinformativo.com.mx\/index.php?rest_route=%2Fwp%2Fv2%2Fcomments&post=54991"}],"version-history":[{"count":1,"href":"https:\/\/encuentroinformativo.com.mx\/index.php?rest_route=\/wp\/v2\/posts\/54991\/revisions"}],"predecessor-version":[{"id":54993,"href":"https:\/\/encuentroinformativo.com.mx\/index.php?rest_route=\/wp\/v2\/posts\/54991\/revisions\/54993"}],"wp:featuredmedia":[{"embeddable":true,"href":"https:\/\/encuentroinformativo.com.mx\/index.php?rest_route=\/wp\/v2\/media\/54992"}],"wp:attachment":[{"href":"https:\/\/encuentroinformativo.com.mx\/index.php?rest_route=%2Fwp%2Fv2%2Fmedia&parent=54991"}],"wp:term":[{"taxonomy":"category","embeddable":true,"href":"https:\/\/encuentroinformativo.com.mx\/index.php?rest_route=%2Fwp%2Fv2%2Fcategories&post=54991"},{"taxonomy":"post_tag","embeddable":true,"href":"https:\/\/encuentroinformativo.com.mx\/index.php?rest_route=%2Fwp%2Fv2%2Ftags&post=54991"}],"curies":[{"name":"wp","href":"https:\/\/api.w.org\/{rel}","templated":true}]}}