{"id":55018,"date":"2024-05-29T10:55:56","date_gmt":"2024-05-29T16:55:56","guid":{"rendered":"https:\/\/encuentroinformativo.com.mx\/?p=55018"},"modified":"2024-05-29T10:56:03","modified_gmt":"2024-05-29T16:56:03","slug":"explota-candidata-contra-personas-con-discapacidad","status":"publish","type":"post","link":"https:\/\/encuentroinformativo.com.mx\/?p=55018","title":{"rendered":"Explota candidata contra personas con discapacidad"},"content":{"rendered":"\n<p><strong>Alejandro \u00c1vila<\/strong><\/p>\n\n\n\n<p>Veracruz, Ver.- La candidata de Morena a la diputaci\u00f3n local por el Distrito 14, Bertha Ahued Malpica, explot\u00f3 contra la Red Nacional por la Diversidad Funcional, y en un evento organizado para medios de comunicaci\u00f3n, exigi\u00f3 al resto de los candidatos no firmar el acuerdo por la inclusi\u00f3n.<\/p>\n\n\n\n<p>En dicho evento realizado la ma\u00f1ana de este martes conocida Universidad del centro del municipio de Veracruz, y donde participaron aspirantes a cargos p\u00fablicos de todos los partidos pol\u00edticos, qui\u00e9nes tomaron el micr\u00f3fono y dieron sus opiniones de como poder ayudar a las personas con discapacidad, al t\u00e9rmino del mismo la candidata de morena explot\u00f3 en contra de los organizadores.<\/p>\n\n\n\n<p>Tras no quedar conforme con la solicitud para la creaci\u00f3n de un Instituto de Ayuda para Personas con Discapacidad en Veracruz, la empresaria se\u00f1al\u00f3 a los gritos, &#8220;\u00bfy de d\u00f3nde vamos a sacar el dinero?&#8221;, a lo que le contestaron los integrantes de la Red Nacional por la Diversidad Funcional, &#8220;pues podr\u00eda ser del dinero que regres\u00f3 al Gobierno del Estado a la Federaci\u00f3n&#8221;, lo cual hizo enfurecer a la candidata de Morena.<\/p>\n\n\n\n<p>&#8220;La Gorda&#8221;, como es conocida en el Jet Set de Veracruz, pidi\u00f3 al resto de los candidatos que se encontraban presentes no firmar el Pacto por la Inclusi\u00f3n y se volte\u00f3 para decirle a sus colaboradores que se iban a ir del lugar; este hecho fue grabado por estudiantes de la Universidad Jean Piaget donde se desarrollaba el evento, y criticado por los mismos j\u00f3venes qui\u00e9nes vieron con malos ojos la actitud tomada por la candidata.<\/p>\n\n\n\n<p>A pesar del incidente, los candidatos Miguel Hermida y Sara Ladr\u00f3n de Guevara, de la alianza &#8220;Fuerza y Coraz\u00f3n por Veracruz&#8221;; Marichuy Lavalle, Karina Guzm\u00e1n, Oscar Lara y Jos\u00e9 Azuara de Movimiento Ciudadano; Manuel Huerta y Guadalupe Tapia de Morena; as\u00ed como Anaid Violeta L\u00f3pez del Partido del Trabajo, s\u00ed firmaron el Pacto por la Inclusi\u00f3n.<\/p>\n","protected":false},"excerpt":{"rendered":"<p>Alejandro \u00c1vila Veracruz, Ver.- La candidata de Morena a la diputaci\u00f3n local por el Distrito 14, Bertha Ahued Malpica, explot\u00f3 contra la Red Nacional por la Diversidad Funcional, y en un evento organizado para medios de comunicaci\u00f3n, exigi\u00f3 al resto de los candidatos no firmar el acuerdo por la inclusi\u00f3n. En dicho evento realizado la [&hellip;]<\/p>\n","protected":false},"author":2476,"featured_media":55019,"comment_status":"open","ping_status":"open","sticky":false,"template":"","format":"standard","meta":{"_jetpack_memberships_contains_paid_content":false,"footnotes":""},"categories":[2],"tags":[],"class_list":["post-55018","post","type-post","status-publish","format-standard","has-post-thumbnail","hentry","category-estado"],"jetpack_featured_media_url":"https:\/\/encuentroinformativo.com.mx\/wp-content\/uploads\/2024\/05\/IMG-20240529-WA0031.jpg","jetpack_sharing_enabled":true,"jetpack_likes_enabled":true,"amp_enabled":true,"_links":{"self":[{"href":"https:\/\/encuentroinformativo.com.mx\/index.php?rest_route=\/wp\/v2\/posts\/55018","targetHints":{"allow":["GET"]}}],"collection":[{"href":"https:\/\/encuentroinformativo.com.mx\/index.php?rest_route=\/wp\/v2\/posts"}],"about":[{"href":"https:\/\/encuentroinformativo.com.mx\/index.php?rest_route=\/wp\/v2\/types\/post"}],"author":[{"embeddable":true,"href":"https:\/\/encuentroinformativo.com.mx\/index.php?rest_route=\/wp\/v2\/users\/2476"}],"replies":[{"embeddable":true,"href":"https:\/\/encuentroinformativo.com.mx\/index.php?rest_route=%2Fwp%2Fv2%2Fcomments&post=55018"}],"version-history":[{"count":1,"href":"https:\/\/encuentroinformativo.com.mx\/index.php?rest_route=\/wp\/v2\/posts\/55018\/revisions"}],"predecessor-version":[{"id":55020,"href":"https:\/\/encuentroinformativo.com.mx\/index.php?rest_route=\/wp\/v2\/posts\/55018\/revisions\/55020"}],"wp:featuredmedia":[{"embeddable":true,"href":"https:\/\/encuentroinformativo.com.mx\/index.php?rest_route=\/wp\/v2\/media\/55019"}],"wp:attachment":[{"href":"https:\/\/encuentroinformativo.com.mx\/index.php?rest_route=%2Fwp%2Fv2%2Fmedia&parent=55018"}],"wp:term":[{"taxonomy":"category","embeddable":true,"href":"https:\/\/encuentroinformativo.com.mx\/index.php?rest_route=%2Fwp%2Fv2%2Fcategories&post=55018"},{"taxonomy":"post_tag","embeddable":true,"href":"https:\/\/encuentroinformativo.com.mx\/index.php?rest_route=%2Fwp%2Fv2%2Ftags&post=55018"}],"curies":[{"name":"wp","href":"https:\/\/api.w.org\/{rel}","templated":true}]}}