{"id":55024,"date":"2024-05-29T12:19:24","date_gmt":"2024-05-29T18:19:24","guid":{"rendered":"https:\/\/encuentroinformativo.com.mx\/?p=55024"},"modified":"2024-05-29T12:19:30","modified_gmt":"2024-05-29T18:19:30","slug":"se-accidenta-autobus-con-morenistas-viajaban-a-cierre-de-sheinbaum","status":"publish","type":"post","link":"https:\/\/encuentroinformativo.com.mx\/?p=55024","title":{"rendered":"Se accidenta autob\u00fas con morenistas, viajaban a cierre de Sheinbaum"},"content":{"rendered":"\n<p><strong>Juan Arcos <\/strong><\/p>\n\n\n\n<p>Xalapa, Ver.- La madrugada de este mi\u00e9rcoles se volc\u00f3 un autob\u00fas donde viajaban decenas de morenistas con direcci\u00f3n a la Ciudad de M\u00e9xico, para participar en el cierre de campa\u00f1a de la candidata presidencial Claudia Sheinbaum Pardo.<\/p>\n\n\n\n<p>El accidente vial ocurri\u00f3 en la carretera La Tinaja-Cosoleacaque kil\u00f3metro 090+300, a la altura del municipio de Cosamaloapan de Carpio, en la zona sur del estado de Veracruz.<\/p>\n\n\n\n<p>De acuerdo con los reportes de la Secretar\u00eda de Protecci\u00f3n Civil (PC), a cargo de Guadalupe Osorno Maldonado, el cami\u00f3n de turismo sali\u00f3 de la cinta asf\u00e1ltica y posteriormente volc\u00f3.<\/p>\n\n\n\n<p>Elementos de distintas corporaciones atendieron este accidente vehicular. Las autoridades estatales reportaron que no hay p\u00e9rdidas humanas pero 20 personas resultaron lesionadas y fueron trasladadas a hospitales para su valoraci\u00f3n y atenci\u00f3n m\u00e9dica.<\/p>\n\n\n\n<p>Seg\u00fan reportes policiacos, los simpatizantes del Movimiento de Regeneraci\u00f3n Nacional (Morena) salieron del municipio de Oluta con direcci\u00f3n a la Ciudad de M\u00e9xico.<\/p>\n\n\n\n<p>El incidente fue atendido por elementos de Guardia Nacional, as\u00ed como tambi\u00e9n, de la Secretar\u00eda de Seguridad P\u00fablica (SSP), Fuerza Civil y personal de Caminos y Puentes Federales (Capufe).<\/p>\n\n\n\n<p>Al menos 15 personas lesionadas fueron trasladas al hospital de Oluta y, los restantes, a otros nosocomios de la zona para recibir la atenci\u00f3n m\u00e9dica correspondiente.<\/p>\n\n\n\n<p><strong>Candidata lamenta accidente <\/strong><\/p>\n\n\n\n<p>La candidata a la gubernatura de Veracruz por Morena, Partido del Trabajo, Partido Verde y Fuerza por M\u00e9xico, Roc\u00edo Nahle Garc\u00eda, lament\u00f3 el accidente automovil\u00edstico que morenistas veracruzanos sufrieron recientemente en la entidad.<\/p>\n\n\n\n<p>\u201cEstoy en comunicaci\u00f3n con las autoridades de Veracruz para atender a los compa\u00f1eros de Oluta que sufrieron un accidente en la autopista a la altura de Cosamaloapan.Me informan que est\u00e1n siendo atendidos.\u201d, escribi\u00f3 Nahle en su cuenta de X.<\/p>\n\n\n\n<p>De acuerdo con los \u00faltimos informes de las autoridades, las v\u00edctimas han sido trasladadas a los hospitales de Oluta, Cosamaloapan y Acayucan para su atenci\u00f3n inmediata.<\/p>\n","protected":false},"excerpt":{"rendered":"<p>Juan Arcos Xalapa, Ver.- La madrugada de este mi\u00e9rcoles se volc\u00f3 un autob\u00fas donde viajaban decenas de morenistas con direcci\u00f3n a la Ciudad de M\u00e9xico, para participar en el cierre de campa\u00f1a de la candidata presidencial Claudia Sheinbaum Pardo. El accidente vial ocurri\u00f3 en la carretera La Tinaja-Cosoleacaque kil\u00f3metro 090+300, a la altura del municipio [&hellip;]<\/p>\n","protected":false},"author":2476,"featured_media":55025,"comment_status":"open","ping_status":"open","sticky":false,"template":"","format":"standard","meta":{"_jetpack_memberships_contains_paid_content":false,"footnotes":""},"categories":[2],"tags":[],"class_list":["post-55024","post","type-post","status-publish","format-standard","has-post-thumbnail","hentry","category-estado"],"jetpack_featured_media_url":"https:\/\/encuentroinformativo.com.mx\/wp-content\/uploads\/2024\/05\/IMG_7470.jpg","jetpack_sharing_enabled":true,"jetpack_likes_enabled":true,"amp_enabled":true,"_links":{"self":[{"href":"https:\/\/encuentroinformativo.com.mx\/index.php?rest_route=\/wp\/v2\/posts\/55024","targetHints":{"allow":["GET"]}}],"collection":[{"href":"https:\/\/encuentroinformativo.com.mx\/index.php?rest_route=\/wp\/v2\/posts"}],"about":[{"href":"https:\/\/encuentroinformativo.com.mx\/index.php?rest_route=\/wp\/v2\/types\/post"}],"author":[{"embeddable":true,"href":"https:\/\/encuentroinformativo.com.mx\/index.php?rest_route=\/wp\/v2\/users\/2476"}],"replies":[{"embeddable":true,"href":"https:\/\/encuentroinformativo.com.mx\/index.php?rest_route=%2Fwp%2Fv2%2Fcomments&post=55024"}],"version-history":[{"count":1,"href":"https:\/\/encuentroinformativo.com.mx\/index.php?rest_route=\/wp\/v2\/posts\/55024\/revisions"}],"predecessor-version":[{"id":55026,"href":"https:\/\/encuentroinformativo.com.mx\/index.php?rest_route=\/wp\/v2\/posts\/55024\/revisions\/55026"}],"wp:featuredmedia":[{"embeddable":true,"href":"https:\/\/encuentroinformativo.com.mx\/index.php?rest_route=\/wp\/v2\/media\/55025"}],"wp:attachment":[{"href":"https:\/\/encuentroinformativo.com.mx\/index.php?rest_route=%2Fwp%2Fv2%2Fmedia&parent=55024"}],"wp:term":[{"taxonomy":"category","embeddable":true,"href":"https:\/\/encuentroinformativo.com.mx\/index.php?rest_route=%2Fwp%2Fv2%2Fcategories&post=55024"},{"taxonomy":"post_tag","embeddable":true,"href":"https:\/\/encuentroinformativo.com.mx\/index.php?rest_route=%2Fwp%2Fv2%2Ftags&post=55024"}],"curies":[{"name":"wp","href":"https:\/\/api.w.org\/{rel}","templated":true}]}}